{"id":11054,"date":"2018-03-09T14:20:30","date_gmt":"2018-03-09T12:20:30","guid":{"rendered":"https:\/\/www.sptl.fi\/sptl_test\/?p=11054"},"modified":"2018-03-09T14:20:30","modified_gmt":"2018-03-09T12:20:30","slug":"kevatliittokokous","status":"publish","type":"post","link":"https:\/\/www.sptl.fi\/sptl_test\/?p=11054","title":{"rendered":"KEV\u00c4TLIITTOKOKOUS"},"content":{"rendered":"<p>Suomen&nbsp;P\u00f6yt\u00e4tennisliiton&nbsp;kev\u00e4tliittokokous&nbsp;pidet\u00e4\u00e4n PT Espoon kev\u00e4tkisojen yhteydess\u00e4 sunnuntaina 15.4.2018 Espoon Lepp\u00e4vaarassa. &nbsp;<\/p>\n<p>Liittokokouksessa&nbsp;k\u00e4sitell\u00e4\u00e4n&nbsp;liiton&nbsp;toimintas\u00e4\u00e4nt\u00f6jen&nbsp;16&nbsp;\u00a7:ss\u00e4 mainitut&nbsp;asiat sek\u00e4 muut liittokokoukseen s\u00e4\u00e4nt\u00f6jen mukaan ajallaan esitetyt asiat.&nbsp;<\/p>\n<p>Esityslista liitteineen sek\u00e4 tarkempi aikataulu ja paikka julkaistaan my\u00f6hemmin.&nbsp;&nbsp;<\/p>\n<p>Liittokokouksessa&nbsp;saavat&nbsp;olla&nbsp;edustettuna&nbsp;j\u00e4senvelvollisuutensa t\u00e4ytt\u00e4neet&nbsp;j\u00e4senseurat,&nbsp;joista&nbsp;jokaisella&nbsp;on&nbsp;yksi&nbsp;\u00e4\u00e4ni. Sama&nbsp;henkil\u00f6&nbsp;voi&nbsp;edustaa&nbsp;valtakirjalla&nbsp;enint\u00e4\u00e4n&nbsp;kolmea&nbsp;(3) j\u00e4senseuraa&nbsp;(liiton&nbsp;s\u00e4\u00e4nn\u00f6t&nbsp;13&nbsp;\u00a7&nbsp;ja&nbsp;14&nbsp;\u00a7). &nbsp;<\/p>\n<p>&nbsp;<\/p>\n","protected":false},"excerpt":{"rendered":"<p>Suomen&nbsp;P\u00f6yt\u00e4tennisliiton&nbsp;kev\u00e4tliittokokous&nbsp;pidet\u00e4\u00e4n PT Espoon kev\u00e4tkisojen yhteydess\u00e4 sunnuntaina 15.4.2018 Espoon Lepp\u00e4vaarassa. &nbsp; Liittokokouksessa&nbsp;k\u00e4sitell\u00e4\u00e4n&nbsp;liiton&nbsp;toimintas\u00e4\u00e4nt\u00f6jen&nbsp;16&nbsp;\u00a7:ss\u00e4 mainitut&nbsp;asiat sek\u00e4 muut liittokokoukseen s\u00e4\u00e4nt\u00f6jen mukaan ajallaan esitetyt asiat.&nbsp; Esityslista liitteineen sek\u00e4 tarkempi aikataulu ja paikka julkaistaan my\u00f6hemmin.&nbsp;&nbsp; Liittokokouksessa&nbsp;saavat&nbsp;olla&nbsp;edustettuna&nbsp;j\u00e4senvelvollisuutensa t\u00e4ytt\u00e4neet&nbsp;j\u00e4senseurat,&nbsp;joista&nbsp;jokaisella&nbsp;on&nbsp;yksi&nbsp;\u00e4\u00e4ni. Sama&nbsp;henkil\u00f6&nbsp;voi&nbsp;edustaa&nbsp;valtakirjalla&nbsp;enint\u00e4\u00e4n&nbsp;kolmea&nbsp;(3) j\u00e4senseuraa&nbsp;(liiton&nbsp;s\u00e4\u00e4nn\u00f6t&nbsp;13&nbsp;\u00a7&nbsp;ja&nbsp;14&nbsp;\u00a7). &nbsp; &nbsp;<\/p>\n","protected":false},"author":7,"featured_media":0,"comment_status":"open","ping_status":"open","sticky":false,"template":"","format":"standard","meta":{"ngg_post_thumbnail":0,"footnotes":""},"categories":[1],"tags":[],"_links":{"self":[{"href":"https:\/\/www.sptl.fi\/sptl_test\/index.php?rest_route=\/wp\/v2\/posts\/11054"}],"collection":[{"href":"https:\/\/www.sptl.fi\/sptl_test\/index.php?rest_route=\/wp\/v2\/posts"}],"about":[{"href":"https:\/\/www.sptl.fi\/sptl_test\/index.php?rest_route=\/wp\/v2\/types\/post"}],"author":[{"embeddable":true,"href":"https:\/\/www.sptl.fi\/sptl_test\/index.php?rest_route=\/wp\/v2\/users\/7"}],"replies":[{"embeddable":true,"href":"https:\/\/www.sptl.fi\/sptl_test\/index.php?rest_route=%2Fwp%2Fv2%2Fcomments&post=11054"}],"version-history":[{"count":0,"href":"https:\/\/www.sptl.fi\/sptl_test\/index.php?rest_route=\/wp\/v2\/posts\/11054\/revisions"}],"wp:attachment":[{"href":"https:\/\/www.sptl.fi\/sptl_test\/index.php?rest_route=%2Fwp%2Fv2%2Fmedia&parent=11054"}],"wp:term":[{"taxonomy":"category","embeddable":true,"href":"https:\/\/www.sptl.fi\/sptl_test\/index.php?rest_route=%2Fwp%2Fv2%2Fcategories&post=11054"},{"taxonomy":"post_tag","embeddable":true,"href":"https:\/\/www.sptl.fi\/sptl_test\/index.php?rest_route=%2Fwp%2Fv2%2Ftags&post=11054"}],"curies":[{"name":"wp","href":"https:\/\/api.w.org\/{rel}","templated":true}]}}