{"id":11530,"date":"2018-04-05T16:03:39","date_gmt":"2018-04-05T13:03:39","guid":{"rendered":"https:\/\/www.sptl.fi\/sptl_test\/?p=11530"},"modified":"2018-04-07T19:50:00","modified_gmt":"2018-04-07T16:50:00","slug":"maailman-poytatennispaiva-6-4-2018","status":"publish","type":"post","link":"https:\/\/www.sptl.fi\/sptl_test\/?p=11530","title":{"rendered":"Maailman p\u00f6yt\u00e4tennisp\u00e4iv\u00e4 6.4.2018"},"content":{"rendered":"<p>Maailman p\u00f6yt\u00e4tennisp\u00e4iv\u00e4\u00e4 vietet\u00e4\u00e4n perjantaina 6.4.2018.<\/p>\n<p>Tule mukaan ja ilmoita p\u00f6yt\u00e4tennikseen liittyv\u00e4 tapahtumasi t\u00e4nne:\u00a0<a href=\"https:\/\/www.tt4all.com\/\">https:\/\/www.tt4all.com\/<br \/>\n<\/a><\/p>\n<p>Tapahtumia voi postailla my\u00f6s <a href=\"https:\/\/www.facebook.com\/SuomenPoytatennisliittoRy\/?hc_ref=ARTtlg7_lkUXkMp1MKqo1akCEo8iXFGZ9ZxDkx7OfTmuOX3OgT4yxBnBaAH5AKv0DCY&amp;fref=nf\">SPTL:n Facebook-sivuille.<\/a><\/p>\n<p><img loading=\"lazy\" decoding=\"async\" class=\"alignnone size-medium wp-image-9802\" src=\"https:\/\/www.sptl.fi\/sptl_test\/wp-content\/uploads\/JK3_0974-300x200.jpg\" alt=\"\" width=\"300\" height=\"200\" srcset=\"https:\/\/www.sptl.fi\/sptl_test\/wp-content\/uploads\/JK3_0974-300x200.jpg 300w, https:\/\/www.sptl.fi\/sptl_test\/wp-content\/uploads\/JK3_0974-1024x683.jpg 1024w\" sizes=\"(max-width: 300px) 100vw, 300px\" \/><img loading=\"lazy\" decoding=\"async\" class=\"alignnone size-medium wp-image-9923\" src=\"https:\/\/www.sptl.fi\/sptl_test\/wp-content\/uploads\/JK3_2229-300x200.jpg\" alt=\"\" width=\"300\" height=\"200\" srcset=\"https:\/\/www.sptl.fi\/sptl_test\/wp-content\/uploads\/JK3_2229-300x200.jpg 300w, https:\/\/www.sptl.fi\/sptl_test\/wp-content\/uploads\/JK3_2229-1024x683.jpg 1024w\" sizes=\"(max-width: 300px) 100vw, 300px\" \/><\/p>\n<p>&nbsp;<\/p>\n","protected":false},"excerpt":{"rendered":"<p>Maailman p\u00f6yt\u00e4tennisp\u00e4iv\u00e4\u00e4 vietet\u00e4\u00e4n perjantaina 6.4.2018. Tule mukaan ja ilmoita p\u00f6yt\u00e4tennikseen liittyv\u00e4 tapahtumasi t\u00e4nne:\u00a0https:\/\/www.tt4all.com\/ Tapahtumia voi postailla my\u00f6s SPTL:n Facebook-sivuille. &nbsp;<\/p>\n","protected":false},"author":12,"featured_media":0,"comment_status":"open","ping_status":"open","sticky":false,"template":"","format":"standard","meta":{"ngg_post_thumbnail":0,"footnotes":""},"categories":[1],"tags":[],"_links":{"self":[{"href":"https:\/\/www.sptl.fi\/sptl_test\/index.php?rest_route=\/wp\/v2\/posts\/11530"}],"collection":[{"href":"https:\/\/www.sptl.fi\/sptl_test\/index.php?rest_route=\/wp\/v2\/posts"}],"about":[{"href":"https:\/\/www.sptl.fi\/sptl_test\/index.php?rest_route=\/wp\/v2\/types\/post"}],"author":[{"embeddable":true,"href":"https:\/\/www.sptl.fi\/sptl_test\/index.php?rest_route=\/wp\/v2\/users\/12"}],"replies":[{"embeddable":true,"href":"https:\/\/www.sptl.fi\/sptl_test\/index.php?rest_route=%2Fwp%2Fv2%2Fcomments&post=11530"}],"version-history":[{"count":0,"href":"https:\/\/www.sptl.fi\/sptl_test\/index.php?rest_route=\/wp\/v2\/posts\/11530\/revisions"}],"wp:attachment":[{"href":"https:\/\/www.sptl.fi\/sptl_test\/index.php?rest_route=%2Fwp%2Fv2%2Fmedia&parent=11530"}],"wp:term":[{"taxonomy":"category","embeddable":true,"href":"https:\/\/www.sptl.fi\/sptl_test\/index.php?rest_route=%2Fwp%2Fv2%2Fcategories&post=11530"},{"taxonomy":"post_tag","embeddable":true,"href":"https:\/\/www.sptl.fi\/sptl_test\/index.php?rest_route=%2Fwp%2Fv2%2Ftags&post=11530"}],"curies":[{"name":"wp","href":"https:\/\/api.w.org\/{rel}","templated":true}]}}