{"id":12274,"date":"2018-05-17T17:01:17","date_gmt":"2018-05-17T14:01:17","guid":{"rendered":"https:\/\/www.sptl.fi\/sptl_test\/?p=12274"},"modified":"2018-05-17T17:03:08","modified_gmt":"2018-05-17T14:03:08","slug":"kauden-2017-2018-starttimaara-kasvoi-49-edelliskauteen-verrattuna","status":"publish","type":"post","link":"https:\/\/www.sptl.fi\/sptl_test\/?p=12274","title":{"rendered":"Kauden 2017\/2018 starttim\u00e4\u00e4r\u00e4 kasvoi 4,9 % edelliskauteen verrattuna"},"content":{"rendered":"<p>Kansallisten kilpailujen yhteinen starttim\u00e4\u00e4r\u00e4 jatkoi kasvuaan my\u00f6s p\u00e4\u00e4ttyv\u00e4ll\u00e4 kaudella 2017\/2018. Startteja oli 5572. Kasvu oli jo pienemp\u00e4\u00e4 kuin edellisell\u00e4 kaudella mutta kuitenkin 4,9 %. Toiveet isommasta kasvusta menetettiin paljolti kev\u00e4isen pitk\u00e4n ja ankaran flunssakauden vuoksi. Flunssa (tai oikeastaan influenssa) aiheutti valtavasti peruutuksia ja poisj\u00e4\u00e4ntej\u00e4.\u00a0 Syyskaudella starttim\u00e4\u00e4r\u00e4 viel\u00e4 kasvoi edellisvuoteen verrattuna 14,1 % , mutta kev\u00e4tkaudella tuli pudotusta -1,1 %.<\/p>\n<p>Edellisen kerran startteja oli t\u00e4t\u00e4 enemm\u00e4n kaudella 2009\/2010 (6872).\u00a0 On aika haasteellista ylitt\u00e4\u00e4 t\u00e4t\u00e4 lukemaa, koska silloin Silja Malja tuotti ruotsalaisineen per\u00e4ti 931 starttia. Tarvittaisiin nelj\u00e4t kilpailut tuottamaan t\u00e4llainen m\u00e4\u00e4r\u00e4 startteja.<\/p>\n<p>Starttien kokonaism\u00e4\u00e4r\u00e4 kasvoi 262 startilla, mik\u00e4 merkitsee yht\u00e4 isohkoa kaksip\u00e4iv\u00e4ist\u00e4 kilpailua. Se merkitsee rahana 3144 euroa kisaj\u00e4rjest\u00e4jien kassaan luokkamaksulla 12 euroa. Ei ihan pieni summa!<\/p>\n<p>Eniten lis\u00e4siv\u00e4t kokoaan seuraavat kilpailut:<\/p>\n<p>1. ARF-Cup kev\u00e4t +248,9 %<br \/>\n2. Stiga Malja +67,1 %<br \/>\n3. PT Espoon kev\u00e4tkisat +65,8 %<br \/>\n4. Jussin Malja +41,0 %<br \/>\n5. STARXMAS +32,2 %<br \/>\n5. MPS kansalliset, syksy +25,4 %<br \/>\n6. Syksyn Startti +25,3 %<br \/>\n7. PT 75 kansalliset, syksy +16,0%<\/p>\n<p>Seuraavassa kuvassa koko kauden tilasto:<\/p>\n<p><img loading=\"lazy\" decoding=\"async\" class=\"alignnone size-full wp-image-12293\" src=\"https:\/\/www.sptl.fi\/sptl_test\/wp-content\/uploads\/startit_2017_2018_2.jpg\" alt=\"\" width=\"500\" height=\"638\" srcset=\"https:\/\/www.sptl.fi\/sptl_test\/wp-content\/uploads\/startit_2017_2018_2.jpg 500w, https:\/\/www.sptl.fi\/sptl_test\/wp-content\/uploads\/startit_2017_2018_2-235x300.jpg 235w\" sizes=\"(max-width: 500px) 100vw, 500px\" \/><\/p>\n<p>&nbsp;<\/p>\n<p><strong>Tietoa starttim\u00e4\u00e4r\u00e4tilastoista<\/strong><\/p>\n<p>Jonkin kilpailun starttim\u00e4\u00e4r\u00e4 on kaikkien kilpailuluokkien yhteinen osallistujam\u00e4\u00e4r\u00e4, jolloin ne pelaajat lasketaan mukaan, jotka ovat pelanneet ainakin yhden ottelun.<\/p>\n<p><strong>Huom:<\/strong>\u00a0SM-kilpailut ja piirinmestaruuskilpailut eiv\u00e4t ole mukana starttiluvuissa historiallisten syiden vuoksi. Eli ne eiv\u00e4t ole mukana, jotta vertailu aiempien vuosien lukemiin olisi mahdollista. Kun aloin tehd\u00e4 tilastoja ensimm\u00e4isen kerran joskus 1990, laskentaurakan pienent\u00e4miseksi p\u00e4\u00e4tin j\u00e4tt\u00e4\u00e4 nuo kilpailut pois. Olin muutenkin eniten kiinnostunut siit\u00e4, miten paljon pelaajia on kansallisissa kisoissa, koska se kuvasi parhaiten kilpap\u00f6yt\u00e4tenniksen vireytt\u00e4. T\u00e4m\u00e4 ratkaisu kaunistaa nykyisi\u00e4 lukemia noiden aikojen lukemiin, koska SM-kisoissa, pm-kisoissa, TUL:n pm-kisoissa, TUK:n mestaruuskilpailuissa ja aluemestaruuskisoissa oli silloin tosi paljon strartteja,<\/p>\n<p>Oheisessa Excel-tiedostossa on my\u00f6s aiempien kausien tiedot siit\u00e4 l\u00e4htien, kun aloin tietoja taas ker\u00e4t\u00e4 (aion t\u00e4ydent\u00e4\u00e4 taaksep\u00e4in mutta 2007\/2008 on viel\u00e4 kesken):<\/p>\n<p><a href=\"https:\/\/www.sptl.fi\/sptl_test\/wp-content\/uploads\/Kilpailuaktiivisuustutkimus_30_06_2018-1.xlsx\">Kilpailuaktiivisuustutkimus_30_06_2018<\/a><\/p>\n<p>&nbsp;<\/p>\n","protected":false},"excerpt":{"rendered":"<p>Kansallisten kilpailujen yhteinen starttim\u00e4\u00e4r\u00e4 jatkoi kasvuaan my\u00f6s p\u00e4\u00e4ttyv\u00e4ll\u00e4 kaudella 2017\/2018. Startteja oli 5572. Kasvu oli jo pienemp\u00e4\u00e4 kuin edellisell\u00e4 kaudella mutta kuitenkin 4,9 %. Toiveet isommasta kasvusta menetettiin paljolti kev\u00e4isen pitk\u00e4n ja ankaran flunssakauden vuoksi. Flunssa (tai oikeastaan influenssa) aiheutti valtavasti peruutuksia ja poisj\u00e4\u00e4ntej\u00e4.\u00a0 Syyskaudella starttim\u00e4\u00e4r\u00e4 viel\u00e4 kasvoi edellisvuoteen verrattuna 14,1 % , mutta kev\u00e4tkaudella &hellip; <a href=\"https:\/\/www.sptl.fi\/sptl_test\/?p=12274\" class=\"more-link\">Jatka lukemista <span class=\"screen-reader-text\">Kauden 2017\/2018 starttim\u00e4\u00e4r\u00e4 kasvoi 4,9 % edelliskauteen verrattuna<\/span> <span class=\"meta-nav\">&rarr;<\/span><\/a><\/p>\n","protected":false},"author":41,"featured_media":0,"comment_status":"open","ping_status":"open","sticky":false,"template":"","format":"standard","meta":{"ngg_post_thumbnail":0,"footnotes":""},"categories":[1],"tags":[],"_links":{"self":[{"href":"https:\/\/www.sptl.fi\/sptl_test\/index.php?rest_route=\/wp\/v2\/posts\/12274"}],"collection":[{"href":"https:\/\/www.sptl.fi\/sptl_test\/index.php?rest_route=\/wp\/v2\/posts"}],"about":[{"href":"https:\/\/www.sptl.fi\/sptl_test\/index.php?rest_route=\/wp\/v2\/types\/post"}],"author":[{"embeddable":true,"href":"https:\/\/www.sptl.fi\/sptl_test\/index.php?rest_route=\/wp\/v2\/users\/41"}],"replies":[{"embeddable":true,"href":"https:\/\/www.sptl.fi\/sptl_test\/index.php?rest_route=%2Fwp%2Fv2%2Fcomments&post=12274"}],"version-history":[{"count":0,"href":"https:\/\/www.sptl.fi\/sptl_test\/index.php?rest_route=\/wp\/v2\/posts\/12274\/revisions"}],"wp:attachment":[{"href":"https:\/\/www.sptl.fi\/sptl_test\/index.php?rest_route=%2Fwp%2Fv2%2Fmedia&parent=12274"}],"wp:term":[{"taxonomy":"category","embeddable":true,"href":"https:\/\/www.sptl.fi\/sptl_test\/index.php?rest_route=%2Fwp%2Fv2%2Fcategories&post=12274"},{"taxonomy":"post_tag","embeddable":true,"href":"https:\/\/www.sptl.fi\/sptl_test\/index.php?rest_route=%2Fwp%2Fv2%2Ftags&post=12274"}],"curies":[{"name":"wp","href":"https:\/\/api.w.org\/{rel}","templated":true}]}}