{"id":17078,"date":"2019-04-22T18:45:44","date_gmt":"2019-04-22T15:45:44","guid":{"rendered":"https:\/\/www.sptl.fi\/sptl_test\/?p=17078"},"modified":"2019-04-22T18:47:50","modified_gmt":"2019-04-22T15:47:50","slug":"tiedotusterveisia-ittfn-vuosikokous-budapestissa","status":"publish","type":"post","link":"https:\/\/www.sptl.fi\/sptl_test\/?p=17078","title":{"rendered":"Tiedotusterveisi\u00e4 \u2013 ITTF:n vuosikokous Budapestissa"},"content":{"rendered":"<p>ITTF:n vuosikokous on iso. T\u00e4ll\u00e4 kertaa se pidettiin Budapestin Corinthia hotellissa. Aamulla klo yhdeks\u00e4n aloitettiin ja puhetta johti liiton saksalainen presidentti Thomas Weikert. Vartin kest\u00e4nyt nimenhuuto osoitti, ett\u00e4 paikalla oli yhteens\u00e4 129 maata. J\u00e4seni\u00e4 j\u00e4rjest\u00f6ss\u00e4 on 226, eli p\u00f6yt\u00e4tennist\u00e4 pelataan jokaisessa maailman maassa.<\/p>\n<p><img loading=\"lazy\" decoding=\"async\" class=\"alignnone size-medium wp-image-17080\" src=\"https:\/\/www.sptl.fi\/sptl_test\/wp-content\/uploads\/IMG_1332-300x225.jpg\" alt=\"\" width=\"300\" height=\"225\" srcset=\"https:\/\/www.sptl.fi\/sptl_test\/wp-content\/uploads\/IMG_1332-300x225.jpg 300w, https:\/\/www.sptl.fi\/sptl_test\/wp-content\/uploads\/IMG_1332.jpg 640w\" sizes=\"(max-width: 300px) 100vw, 300px\" \/><\/p>\n<p>Aluksi palkittiin vuoden parhaita turnauksia ja yhteisty\u00f6kumppaneita. My\u00f6s Tokion ensi vuoden olympia- ja paralympiakisat esiteltiin (t\u00e4st\u00e4 suoriutui monen suomalaisenkin muistama Sachiko Yokota, joka pelasi vuosia Ruotsissa). Olympiakisat alkavat jo hein\u00e4kuussa ja parakisat seuraavat elokuussa. Halmstadin MM-kilpailuissa ainakin hetkeksi yhdistynytt\u00e4 Korean joukkuetta ylistettiin kovasti ihan omana kokousaiheenaan ja asialle yritet\u00e4\u00e4n kovasti saada jatkoa.<\/p>\n<p>Ensi vuoden MM-kilpailut (joukkue) pelataan maaliskuun lopulla Etel\u00e4-Korean Busanissa. Komeilta n\u00e4yttiv\u00e4t j\u00e4rjestelyt. Ja kaikki hotelleja my\u00f6ten samassa kompleksissa.<\/p>\n<p>Sitten esitt\u00e4ytyiv\u00e4t tulevien MM-kisojen hakijat. Ensin vuoden 2021 kandidaatit, eli Marokko (Agadir) ja USA (Houston). Jo ennen vaalia oli selv\u00e4\u00e4, ett\u00e4 n\u00e4m\u00e4 olisivat lajin ensimm\u00e4iset MM-kisat Euroopan ja Aasian ulkopuolella sitten Kairon kisojen 1939. Seuraavaksi esiteltiin vuoden 2022 kandidaatit eli Kiina (Chengdu), Japani (Kitakyushu\/Fukuoka) ja Portugali (Lissabon).<\/p>\n<p>\u00c4\u00e4nestyksen j\u00e4lkeen p\u00e4\u00e4t\u00f6kseksi tuli, ett\u00e4 vuoden 2021 henkil\u00f6kohtaiset kisat j\u00e4rjestet\u00e4\u00e4n Houstonissa (83 \u00e4\u00e4nt\u00e4 129 mahdollisesta) ja vuoden 2022 joukkuekisat pelataan (75 \u00e4\u00e4nell\u00e4) Kiinan Chengdussa. Seuraavaksi ilmoitettiin, ett\u00e4 Kuwait on taas hyv\u00e4ksytty mukaan j\u00e4rjest\u00f6n toimintaan pienen \u201dj\u00e4\u00e4hyn\u201d j\u00e4lkeen ja veteraanien (Swaythling Club) kanssa on p\u00e4\u00e4sty sopimukseen, jonka mukaan veteraanien MM-kisat ovat ITTF:n sateenvarjon alla vuodesta 2022 eteenp\u00e4in.<\/p>\n<p>Sitten seurasi virkamiesten, komiteoiden ja maanosien raportointia vuodesta 2018. Niiss\u00e4 ei kauan nokka tuhissut. Talousluvuissa todettiin, ett\u00e4 ITTF teki 2018 hiukan toista miljoonaa dollaria plussaa v\u00e4h\u00e4n yli 20 miljoonan liikevaihdolla. Tilintarkastajien lausunto oli puhdas, joten tilit hyv\u00e4ksyttiin ja hallintoihmiset saivat vastuuvapautensa. Vuoden 2019 budjetti on noin 25 miljoonaa dollaria ja vuoden 2020 budjetti 28 miljoonaa, joten toiminta on kasvussa.<\/p>\n<p>J\u00e4rjest\u00f6n kunniapuheenjohtajasta Adham Shararastakin puhuttiin, kun my\u00f6nnettiin vastuuvapautta. ITTF pisti miehen toimitsijakieltoon ja asia on nyt urheilun kansainv\u00e4lisess\u00e4 vetoomustuomioistuimessa eli CAS:ssa. Puheenjohtaja Weikertin mukaan \u201dovea ei ole kokonaan suljettu\u201d, mutta nyt siis odotellaan CAS:n ratkaisua siit\u00e4, onko Shararan toimitsijakielto validi vai ei.<\/p>\n<p>Toinen \u201dyleisasia\u201d oli MM-kisojen pienent\u00e4minen, joka ei tyydyt\u00e4 maailman pieni\u00e4 p\u00f6yt\u00e4tennismaita. Sit\u00e4 ei kokous kuitenkaan varsinaisesti ottanut listalle, koska asia ei kuulemma ole yleiskokouksen p\u00e4\u00e4tett\u00e4viss\u00e4 (vaan kuuluu \u201dvaltuustolle\u201d eli Board of Directorsille). MM-kisojen pienennys on kiistatta ongelma esimerkiksi Benedekille: jos Suomi ei selviydy kisoihin, monet Penan pahimmat vastustajat saavat \u201dhelppoja\u201d rankingpisteit\u00e4 niin paljon, ett\u00e4 esimerkiksi olympiakisoihin selviytyminen menee todella hankalaksi. Sonja istuu BoD:ssa, mutta t\u00e4lle asialle ei n\u00e4ill\u00e4 n\u00e4kyminen ole paljon teht\u00e4viss\u00e4.<\/p>\n<p>V\u00e4h\u00e4n ennen klo 16 p\u00e4\u00e4stiin \u00e4\u00e4nest\u00e4m\u00e4\u00e4n s\u00e4\u00e4nt\u00f6jen ja m\u00e4\u00e4r\u00e4ysten muutosehdotuksista. Ensimm\u00e4iset olivat hallinnollisia\/teknisi\u00e4, jotka eiv\u00e4t meit\u00e4 suomalaisia paljon heilauta. V\u00e4linepuolella oli ehdotuksena keltainen pallo valkoisen ja oranssin rinnalle, mutta ehdotus vedettiin pois ja keltaista palloa p\u00e4\u00e4tettiin testata k\u00e4yt\u00e4nn\u00f6ss\u00e4 (pelaajien ja TV-katsojien mielipide tarvitaan) ennen kuin varsinainen ehdotus tehd\u00e4\u00e4n.<\/p>\n<p>Seuraavaksi \u00e4\u00e4nestettiin siit\u00e4, sallitaanko mustan kumin toiselle puolelle my\u00f6s joku muu (selv\u00e4sti erottuva) v\u00e4ri kuin punainen. Se hyv\u00e4ksyttiin, vaikka enemmist\u00f6 oli aika niukka (vaadittiin \u00be). P\u00e4\u00e4t\u00f6s tulee kuitenkin voimaan vasta Tokion kisojen ja v\u00e4linekomitean ja BoD:n tarkempien m\u00e4\u00e4rityksien j\u00e4lkeen.<\/p>\n<p>Viimeiseksi \u00e4\u00e4nestettiin siit\u00e4, tuleeko s\u00e4\u00e4nt\u00f6ihin \u201dkahden tahallisen\u201d ly\u00f6nnin kielt\u00e4misen sijasta \u201dkahden tai useamman\u201d tahallisen ly\u00f6nnin kielto. Se hyv\u00e4ksyttiin selv\u00e4ll\u00e4 enemmist\u00f6ll\u00e4. Asian merkitys on \u201dk\u00e4\u00e4nteinen\u201d. Nyt sallitaan virallisesti my\u00f6s useamman kuin kahden osuman \u201dkaksoiskosketus\u201d eli huono osuma, kun se on tahaton.<\/p>\n<p>Sitten puhuttuun komiteaj\u00e4senist\u00e4. Suomalaisilla ei ollut ehdokkaita, joten emme ainakaan h\u00e4vinneet mit\u00e4\u00e4n. N\u00e4ihin esityksiin kokous ei tehnyt muutoksia. Kokous p\u00e4\u00e4ttyi klo 17.30, joten reilut kahdeksan tuntia siin\u00e4 hurahti. Muissa asioissa yritettiin viel\u00e4 keskustelua kunniapuheenjohtajan asemasta, mutta puheenjohtaja ei t\u00e4lle l\u00e4mmennyt. On aika selv\u00e4\u00e4, ett\u00e4 kansainv\u00e4lisess\u00e4 p\u00f6yt\u00e4tenniksess\u00e4 on t\u00e4ll\u00e4(kin) hetkell\u00e4 paljon j\u00e4nnitteit\u00e4.<\/p>\n<p>Pohjois-Euroopan Unioni\u00a0 kokoontuu keskiviikkona ja Euroopan Unioni torstaina. Sitten taas lis\u00e4\u00e4 kansainv\u00e4lisi\u00e4 kuulumisia.<\/p>\n","protected":false},"excerpt":{"rendered":"<p>ITTF:n vuosikokous on iso. T\u00e4ll\u00e4 kertaa se pidettiin Budapestin Corinthia hotellissa. Aamulla klo yhdeks\u00e4n aloitettiin ja puhetta johti liiton saksalainen presidentti Thomas Weikert. Vartin kest\u00e4nyt nimenhuuto osoitti, ett\u00e4 paikalla oli yhteens\u00e4 129 maata. J\u00e4seni\u00e4 j\u00e4rjest\u00f6ss\u00e4 on 226, eli p\u00f6yt\u00e4tennist\u00e4 pelataan jokaisessa maailman maassa. Aluksi palkittiin vuoden parhaita turnauksia ja yhteisty\u00f6kumppaneita. My\u00f6s Tokion ensi vuoden olympia- &hellip; <a href=\"https:\/\/www.sptl.fi\/sptl_test\/?p=17078\" class=\"more-link\">Jatka lukemista <span class=\"screen-reader-text\">Tiedotusterveisi\u00e4 \u2013 ITTF:n vuosikokous Budapestissa<\/span> <span class=\"meta-nav\">&rarr;<\/span><\/a><\/p>\n","protected":false},"author":11,"featured_media":0,"comment_status":"open","ping_status":"open","sticky":false,"template":"","format":"standard","meta":{"ngg_post_thumbnail":0,"footnotes":""},"categories":[1],"tags":[],"_links":{"self":[{"href":"https:\/\/www.sptl.fi\/sptl_test\/index.php?rest_route=\/wp\/v2\/posts\/17078"}],"collection":[{"href":"https:\/\/www.sptl.fi\/sptl_test\/index.php?rest_route=\/wp\/v2\/posts"}],"about":[{"href":"https:\/\/www.sptl.fi\/sptl_test\/index.php?rest_route=\/wp\/v2\/types\/post"}],"author":[{"embeddable":true,"href":"https:\/\/www.sptl.fi\/sptl_test\/index.php?rest_route=\/wp\/v2\/users\/11"}],"replies":[{"embeddable":true,"href":"https:\/\/www.sptl.fi\/sptl_test\/index.php?rest_route=%2Fwp%2Fv2%2Fcomments&post=17078"}],"version-history":[{"count":0,"href":"https:\/\/www.sptl.fi\/sptl_test\/index.php?rest_route=\/wp\/v2\/posts\/17078\/revisions"}],"wp:attachment":[{"href":"https:\/\/www.sptl.fi\/sptl_test\/index.php?rest_route=%2Fwp%2Fv2%2Fmedia&parent=17078"}],"wp:term":[{"taxonomy":"category","embeddable":true,"href":"https:\/\/www.sptl.fi\/sptl_test\/index.php?rest_route=%2Fwp%2Fv2%2Fcategories&post=17078"},{"taxonomy":"post_tag","embeddable":true,"href":"https:\/\/www.sptl.fi\/sptl_test\/index.php?rest_route=%2Fwp%2Fv2%2Ftags&post=17078"}],"curies":[{"name":"wp","href":"https:\/\/api.w.org\/{rel}","templated":true}]}}