{"id":2046,"date":"2016-08-31T23:41:53","date_gmt":"2016-08-31T20:41:53","guid":{"rendered":"https:\/\/www.sptl.fi\/sptl_test\/?p=2046"},"modified":"2016-09-01T18:27:12","modified_gmt":"2016-09-01T15:27:12","slug":"paralympialaisten-aikataulu","status":"publish","type":"post","link":"https:\/\/www.sptl.fi\/sptl_test\/?p=2046","title":{"rendered":"Paralympialaisten aikataulu"},"content":{"rendered":"<div class=\"\" data-block=\"true\" data-editor=\"8mfs0\" data-offset-key=\"a6hnk-0-0\">\n<div class=\"_1mf _1mj\" data-offset-key=\"a6hnk-0-0\"><span data-offset-key=\"a6hnk-0-0\"><span data-text=\"true\">Paralympialaisten koko ohjelma oheisen linkin takaa. Tarkka ohjelma selvi\u00e4\u00e4 6.9. suoritettavan arvonnan j\u00e4lkeen. Aikaisintaan Esa Miettinen on ensimm\u00e4ist\u00e4 kertaa tulessa heti torstaina 8.9. klo 17.00 alkavassa karsinnassa.<\/span><\/span><\/div>\n<\/div>\n<div class=\"_1mf _1mj\" data-offset-key=\"a6hnk-0-0\"><\/div>\n<div class=\"_1mf _1mj\" data-offset-key=\"a6hnk-0-0\"><img loading=\"lazy\" decoding=\"async\" class=\"alignnone size-medium wp-image-1983\" src=\"https:\/\/www.sptl.fi\/sptl_test\/wp-content\/uploads\/2016\/08\/26-8-2016-8-29-29-300x199.jpg\" alt=\"26-8-2016 8-29-29\" width=\"300\" height=\"199\" srcset=\"https:\/\/www.sptl.fi\/sptl_test\/wp-content\/uploads\/2016\/08\/26-8-2016-8-29-29-300x199.jpg 300w, https:\/\/www.sptl.fi\/sptl_test\/wp-content\/uploads\/2016\/08\/26-8-2016-8-29-29.jpg 612w\" sizes=\"(max-width: 300px) 100vw, 300px\" \/><\/div>\n<div class=\"\" data-block=\"true\" data-editor=\"8mfs0\" data-offset-key=\"f55k-0-0\">\n<div class=\"_1mf _1mj\" data-offset-key=\"f55k-0-0\"><span data-offset-key=\"f55k-0-0\">\u00a0<\/span><\/div>\n<\/div>\n<div class=\"\" data-block=\"true\" data-editor=\"8mfs0\" data-offset-key=\"bloff-0-0\">\n<div class=\"_1mf _1mj\" data-offset-key=\"bloff-0-0\"><a href=\"http:\/\/www.sport.fi\/system\/resources\/W1siZiIsIjIwMTYvMDgvMzEvMDlfMjZfMDdfNzYyX09oamVsbWEuanBnIl1d\/Ohjelma.jpg\"><span data-offset-key=\"bloff-0-0\"><span data-text=\"true\">http:\/\/www.sport.fi\/system\/resources\/W1siZiIsIjIwMTYvMDgvMzEvMDlfMjZfMDdfNzYyX09oamVsbWEuanBnIl1d\/Ohjelma.jpg<\/span><\/span><\/a><\/div>\n<\/div>\n","protected":false},"excerpt":{"rendered":"<p>Paralympialaisten koko ohjelma oheisen linkin takaa. Tarkka ohjelma selvi\u00e4\u00e4 6.9. suoritettavan arvonnan j\u00e4lkeen. Aikaisintaan Esa Miettinen on ensimm\u00e4ist\u00e4 kertaa tulessa heti torstaina 8.9. klo 17.00 alkavassa karsinnassa. \u00a0 http:\/\/www.sport.fi\/system\/resources\/W1siZiIsIjIwMTYvMDgvMzEvMDlfMjZfMDdfNzYyX09oamVsbWEuanBnIl1d\/Ohjelma.jpg<\/p>\n","protected":false},"author":12,"featured_media":0,"comment_status":"open","ping_status":"open","sticky":false,"template":"","format":"standard","meta":{"ngg_post_thumbnail":0,"footnotes":""},"categories":[14,18],"tags":[],"_links":{"self":[{"href":"https:\/\/www.sptl.fi\/sptl_test\/index.php?rest_route=\/wp\/v2\/posts\/2046"}],"collection":[{"href":"https:\/\/www.sptl.fi\/sptl_test\/index.php?rest_route=\/wp\/v2\/posts"}],"about":[{"href":"https:\/\/www.sptl.fi\/sptl_test\/index.php?rest_route=\/wp\/v2\/types\/post"}],"author":[{"embeddable":true,"href":"https:\/\/www.sptl.fi\/sptl_test\/index.php?rest_route=\/wp\/v2\/users\/12"}],"replies":[{"embeddable":true,"href":"https:\/\/www.sptl.fi\/sptl_test\/index.php?rest_route=%2Fwp%2Fv2%2Fcomments&post=2046"}],"version-history":[{"count":0,"href":"https:\/\/www.sptl.fi\/sptl_test\/index.php?rest_route=\/wp\/v2\/posts\/2046\/revisions"}],"wp:attachment":[{"href":"https:\/\/www.sptl.fi\/sptl_test\/index.php?rest_route=%2Fwp%2Fv2%2Fmedia&parent=2046"}],"wp:term":[{"taxonomy":"category","embeddable":true,"href":"https:\/\/www.sptl.fi\/sptl_test\/index.php?rest_route=%2Fwp%2Fv2%2Fcategories&post=2046"},{"taxonomy":"post_tag","embeddable":true,"href":"https:\/\/www.sptl.fi\/sptl_test\/index.php?rest_route=%2Fwp%2Fv2%2Ftags&post=2046"}],"curies":[{"name":"wp","href":"https:\/\/api.w.org\/{rel}","templated":true}]}}