{"id":21369,"date":"2020-01-28T17:59:18","date_gmt":"2020-01-28T15:59:18","guid":{"rendered":"https:\/\/www.sptl.fi\/sptl_test\/?p=21369"},"modified":"2020-01-28T17:59:18","modified_gmt":"2020-01-28T15:59:18","slug":"wega-maljan-aikataulu-ja-kaikki-eivat-mahtuneet-mukaan","status":"publish","type":"post","link":"https:\/\/www.sptl.fi\/sptl_test\/?p=21369","title":{"rendered":"Wega-maljan aikataulu ja kaikki eiv\u00e4t mahtuneet mukaan"},"content":{"rendered":"<p>Ohessa aikataulut. Molemmista p\u00e4ivist\u00e4 tulee\u00a0 pitk\u00e4 p\u00e4iv\u00e4 itse kullekin. Lauantaian kisa loppunee klo 20:30 \u2013 21 ja sunnuntainakin klo 20 aikoihin. Osanottajien osallistusmista luokkiin jouduttiin karsimaan, seuraavat eiv\u00e4t valitettavasti mahtuneet mukaan:<\/p>\n<p>Jalovaara Antti<br \/>\nKangas Arto<br \/>\nSepp\u00e4nen Alexandra<br \/>\nLindfors Matti<br \/>\nTero Lehtinen<br \/>\nHyyti\u00e4inen Leevi<br \/>\nVanhala Okko<br \/>\nPajunen Jouni<br \/>\nKahlos Juho<br \/>\nKadar Levente<br \/>\nKimmo Pohjonen<br \/>\nKolga Aleksej<br \/>\nVesaluoma Ossi<br \/>\nM\u00e4kel\u00e4 Jan<\/p>\n<p>Arvonnat yrit\u00e4n saada t\u00e4nne huomiseksi.<\/p>\n<p>Lauantai<\/p>\n<p>Klo 09:00 2150, 1500<\/p>\n<p>Klo 13:00 1800, M12<\/p>\n<p>Klo 14:00 NK, N12<\/p>\n<p>Klo 15:00 MK<\/p>\n<p>Klo 16:00 1200<\/p>\n<p>Sunnuntai<\/p>\n<p>Klo 09:00 2200,1600,1000<\/p>\n<p>Klo 12:00 N14, N17, M14<\/p>\n<p>Klo 13:00 1900<\/p>\n<p>Klo 13:00 M50<\/p>\n<p>Klo 14:00 1300<\/p>\n<p>Klo 16:00 M17<\/p>\n","protected":false},"excerpt":{"rendered":"<p>Ohessa aikataulut. Molemmista p\u00e4ivist\u00e4 tulee\u00a0 pitk\u00e4 p\u00e4iv\u00e4 itse kullekin. Lauantaian kisa loppunee klo 20:30 \u2013 21 ja sunnuntainakin klo 20 aikoihin. Osanottajien osallistusmista luokkiin jouduttiin karsimaan, seuraavat eiv\u00e4t valitettavasti mahtuneet mukaan: Jalovaara Antti Kangas Arto Sepp\u00e4nen Alexandra Lindfors Matti Tero Lehtinen Hyyti\u00e4inen Leevi Vanhala Okko Pajunen Jouni Kahlos Juho Kadar Levente Kimmo Pohjonen Kolga Aleksej &hellip; <a href=\"https:\/\/www.sptl.fi\/sptl_test\/?p=21369\" class=\"more-link\">Jatka lukemista <span class=\"screen-reader-text\">Wega-maljan aikataulu ja kaikki eiv\u00e4t mahtuneet mukaan<\/span> <span class=\"meta-nav\">&rarr;<\/span><\/a><\/p>\n","protected":false},"author":32,"featured_media":0,"comment_status":"open","ping_status":"open","sticky":false,"template":"","format":"standard","meta":{"ngg_post_thumbnail":0,"footnotes":""},"categories":[4],"tags":[],"_links":{"self":[{"href":"https:\/\/www.sptl.fi\/sptl_test\/index.php?rest_route=\/wp\/v2\/posts\/21369"}],"collection":[{"href":"https:\/\/www.sptl.fi\/sptl_test\/index.php?rest_route=\/wp\/v2\/posts"}],"about":[{"href":"https:\/\/www.sptl.fi\/sptl_test\/index.php?rest_route=\/wp\/v2\/types\/post"}],"author":[{"embeddable":true,"href":"https:\/\/www.sptl.fi\/sptl_test\/index.php?rest_route=\/wp\/v2\/users\/32"}],"replies":[{"embeddable":true,"href":"https:\/\/www.sptl.fi\/sptl_test\/index.php?rest_route=%2Fwp%2Fv2%2Fcomments&post=21369"}],"version-history":[{"count":0,"href":"https:\/\/www.sptl.fi\/sptl_test\/index.php?rest_route=\/wp\/v2\/posts\/21369\/revisions"}],"wp:attachment":[{"href":"https:\/\/www.sptl.fi\/sptl_test\/index.php?rest_route=%2Fwp%2Fv2%2Fmedia&parent=21369"}],"wp:term":[{"taxonomy":"category","embeddable":true,"href":"https:\/\/www.sptl.fi\/sptl_test\/index.php?rest_route=%2Fwp%2Fv2%2Fcategories&post=21369"},{"taxonomy":"post_tag","embeddable":true,"href":"https:\/\/www.sptl.fi\/sptl_test\/index.php?rest_route=%2Fwp%2Fv2%2Ftags&post=21369"}],"curies":[{"name":"wp","href":"https:\/\/api.w.org\/{rel}","templated":true}]}}