{"id":23566,"date":"2020-09-16T19:54:34","date_gmt":"2020-09-16T16:54:34","guid":{"rendered":"https:\/\/www.sptl.fi\/sptl_test\/?p=23566"},"modified":"2020-09-16T19:54:34","modified_gmt":"2020-09-16T16:54:34","slug":"tiedotusterveisia-sonjalle-kansainvaliset-jatkopestit","status":"publish","type":"post","link":"https:\/\/www.sptl.fi\/sptl_test\/?p=23566","title":{"rendered":"Tiedotusterveisi\u00e4: Sonjalle kansainv\u00e4liset jatkopestit"},"content":{"rendered":"<p>Euroopan P\u00f6yt\u00e4tennisunioni ETTU kokoontui vuosikokoukseensa virtuaalisesti keskiviikkona. Runsaan nelj\u00e4n tunnin tapaaminen sujui p\u00e4\u00e4osin hyvin, mutta pieni\u00e4 teknisi\u00e4 haasteita toki oli. Aloitus mm. my\u00f6h\u00e4styi puolisen tuntia. Asiat kahlattiin kuitenkin l\u00e4pi, 51 maan voimin. Lis\u00e4ksi kolme osanottajamaata oli mukana valtakirjalla.<\/p>\n<p>Pient\u00e4 haikeuttakin oli ilmassa, sill\u00e4 ETTU:ta kahdeksan vuotta johtanut hollantilainen Ronald Kramer sai pit\u00e4\u00e4 viimeisen kokouksensa (vain) s\u00e4hk\u00f6isesti. Nyt j\u00e4i face to face -heipat sanomatta. Hollantilainen oli ilmoittanut jo etuk\u00e4teen, ett\u00e4 ei jatka. Mutta eip\u00e4 olisi tainnut olla paljon kannatustakaan. Siit\u00e4 kielii todella pieni \u00e4\u00e4nisaalis ITTF:n Board of Directors -vaalissa, jonne ex-puheenjohtajalla ei ollut mit\u00e4\u00e4n asiaa.<\/p>\n<p>ITTF:n (vaalikampanjaa k\u00e4yv\u00e4) puheenjohtaja Thomas Weikert p\u00e4\u00e4si sanomaan tervehdyksens\u00e4, jossa sis\u00e4lt\u00f6\u00e4 oli aika v\u00e4h\u00e4n. Kaikesta kuitenkin aistii, ett\u00e4 ITTF:n tulevasta puheenjohtajuudesta otellaan nyt isoin panoksin.<\/p>\n<p>Virtuaalikokouksessa oli kokonaan erillinen \u00e4\u00e4nestystekniikka. \u00c4\u00e4ntenlaskijat tulivat maista, joilla ei omia vaaleissa omia ehdokkaita. Pelkk\u00e4 \u00e4\u00e4nestyksenhallinta n\u00e4ytti vaativan kolmen tekniikkaherran kokoaikaisen ty\u00f6panoksen, joten ei se ihan yksinkertaista ollut. Suomea edusti allekirjoittaneen kanssa toiminnanjohtaja Mika R\u00e4s\u00e4nen. Sonja Grefberg kokousti muun \u201dvanhan\u201d ETTU:n hallituksen kanssa Luxemburgista. Ja loppu hyvin kaikki hyvin: eritt\u00e4in tiukkojen tilanteiden j\u00e4lkeen Sonja p\u00e4\u00e4si kaikkialle, minne halusikin. T\u00e4st\u00e4 lis\u00e4\u00e4 v\u00e4h\u00e4n my\u00f6hemmin.<\/p>\n<p>Edellisen Budapestin 2019 kokouksen p\u00f6yt\u00e4kirja k\u00e4ytiin l\u00e4pi lyhyesti, kuten my\u00f6s eri napahenkil\u00f6iden ja komiteoiden raportit. Siin\u00e4 ei nokka kauan tuhissut. Eik\u00e4 paljon kauemmin mennyt siin\u00e4k\u00e4\u00e4n, kun j\u00e4rjest\u00f6n (my\u00f6s nyt vet\u00e4ytynyt) talouspuolen varapresidentti Dorte Darfelt esitteli vuoden 2019 talousluvut. Noin miljoonan \u201dliikevaihdolla\u201d tehtiin 70 000 euron plusmerkkinen tulos. Markkinoinnissa kuulemma s\u00e4\u00e4stettiin paljon. Hallitus sai vastuuvapauden, vaikka tilintarkastajalla oli paljon terveisi\u00e4 sen suhteen, kuinka budjetit pit\u00e4isi rakentaa ja luvut esitt\u00e4\u00e4.<\/p>\n<p>S\u00e4\u00e4nt\u00f6muutoksiakin hyv\u00e4ksyttiin pari, l\u00e4hinn\u00e4 teknisi\u00e4 uudistuksia joissakin ETTU:n alaisissa kisoissa. J\u00e4senmaiden j\u00e4senmaksu pidettiin edelleen 350 eurossa. Ensi vuoden budjetti on noin 600\u00a0000 \u20ac eli selv\u00e4sti pienempi kuin t\u00e4lle vuodelle (800\u00a0000 \u20ac). Sit\u00e4 ei virallisesti vahvistettu, koska vanha johto halusi j\u00e4tt\u00e4\u00e4 asian uudelle kokoonpanolle. Se aiheutti n\u00e4r\u00e4\u00e4 ainakin saksalaisissa. Asiaa varten kootaan nyt ylim\u00e4\u00e4r\u00e4inen vuosikokous.<\/p>\n<p>Lounastauon j\u00e4lkeen aloitettiin kaikkien odottamat vaalit. Alku oli helppoa, sill\u00e4 ven\u00e4l\u00e4isest\u00e4 Igor Levitinist\u00e4 leivottiin uusi presidentti l\u00e4hes yksimielisesti, nelj\u00e4n vuoden pestiin. Kaksi vastustavaa \u00e4\u00e4nt\u00e4kin toki l\u00f6ytyi. Sitten n\u00e4htiin hiukan erikoinen episodi, kun kokouksen puheenjohtaja vaihtui lennossa Kramerista Levitiniin. T\u00e4m\u00e4 puhuu vain ven\u00e4j\u00e4\u00e4, joten simultaanitulkkausta tarvittiin.<\/p>\n<p>ETTU:n virallisen kakkosmiehen eli Deputy presidentin valinta oli edelleen helppoa, sill\u00e4 Pedro Moura oli ainoa ehdokas. Kolme vasta\u00e4\u00e4nt\u00e4 kuitenkin portugalilaisellekin.\u00a0 Englannin liiton puheenjohtaja Sandra Deaton l\u00f6i \u201dtalousvarapresidentin\u201d vaalissa Unkarin kollegansa Roland Natranin selv\u00e4sti.<\/p>\n<p>N\u00e4in p\u00e4\u00e4stiin meit\u00e4 kiinnostaviin asioihin. Vice president -vaaleissa, joita tuttavallisemmin kutsuisin hallituksen j\u00e4seniksi, viisi valittua olivat \u00e4\u00e4nij\u00e4rjestyksess\u00e4 Saksan Heike Ahlert, Valko-Ven\u00e4j\u00e4n Vladimir Samsonov, Suomen Sonja Grefberg, Latvian Ina Jozepsone ja Ranskan Miguel Vicens. Sonjalle siis ensimm\u00e4inen etappivoitto ja viel\u00e4 aika kirkkaasti.<\/p>\n<p>T\u00e4t\u00e4 seurasi ITTF:n eurooppalaisten Board of Directors -j\u00e4senten valinta. Paikkoja oli seitsem\u00e4n. Suomeksi puhuisin t\u00e4ss\u00e4 yhteydess\u00e4 valtuustosta. S\u00e4\u00e4nn\u00f6t ovat sellaiset, ett\u00e4 l\u00e4pi menn\u00e4kseen kandidaatin on saatava 50 % annetuista \u00e4\u00e4nist\u00e4. Jos n\u00e4in ei k\u00e4y, v\u00e4hiten \u00e4\u00e4ni\u00e4 saanut j\u00e4\u00e4 aina seuraavalla kierroksella pois. J\u00e4lkimm\u00e4isest\u00e4kin \u00e4\u00e4nestet\u00e4\u00e4n, jos \u00e4\u00e4net ovat tasan.<\/p>\n<p>Sonja oli ensimm\u00e4isen kierroksen kuudes, mutta \u00e4\u00e4nisaalis j\u00e4i alle 50 prosentin. N\u00e4in vaali h\u00e4nen osallaaan jatkui. Suoraan sis\u00e4\u00e4n meniv\u00e4t \u00e4\u00e4nij\u00e4rjestyksess\u00e4 Ruotsin J\u00f6rgen Persson, Ranskan Claude Bergeret, Romanian Cristinel Romanescu, Puolan Lucjan Blaszczyk ja Saksan Heike Ahlert. Voi hyvin huomata, ett\u00e4 entinen huippupelaajan positio on k\u00e4yp\u00e4\u00e4 valuuttaa n\u00e4iss\u00e4 systeemeiss\u00e4.<\/p>\n<p>Mainitun viisikon poistuttua Sonja oli koko ajan k\u00e4rkiporukassa, mutta ei saanut mill\u00e4\u00e4n kasaan 50 % \u00e4\u00e4nisaalista. Serbian Aleksandar Karakasevic selvisi t\u00e4st\u00e4 testist\u00e4 ensimm\u00e4isen\u00e4, joten jaossa oli en\u00e4\u00e4 yksi paikka. Lopulta tarvittiin per\u00e4ti 11 \u00e4\u00e4nestyst\u00e4, ennen kuin Sonja viimeisess\u00e4 vaalissa ylitti 50 % ja kukisti samalla viimeisen vastaehdokkaansa, kreikkalaisen Emmanuel Kolibadisin. Paljon tiukemmaksi ei t\u00e4m\u00e4 vaali voi menn\u00e4!<\/p>\n<p>Romania esitteli viel\u00e4 ensi vuoden syksyn joukkueiden EM-kisojen is\u00e4nt\u00e4kaupunkiaan Cluj-Napocaa, \u201dRomanian Tamperetta\u201d. Saksalaiset kertoivat, ett\u00e4 aikovat anoa vuoden 2023 MM-kisoja D\u00fcsseldorfiin. N\u00e4m\u00e4 asiat kuitattiin kuitenkin aika pienell\u00e4, sill\u00e4 kaikki kiinnostus tuntui purkautuneen henkil\u00f6vaaleihin.<\/p>\n<p>Suomalaisista Asko Rasinen on lis\u00e4ksi ehdolla ETTU:n tuomari- ja s\u00e4\u00e4nt\u00f6komiteaan. N\u00e4it\u00e4 asioita ei kuitenkaan ratkaista yleiskokouksessa, joten t\u00e4t\u00e4 kirjoitettaessa Askon \u201dkohtalo\u201d ei viel\u00e4 ole selvill\u00e4. Ei taida olla ihan edes huomisp\u00e4iv\u00e4n asia t\u00e4m\u00e4.<\/p>\n<p>Onnittelut Sonjalle. Aika paljon h\u00e4nelle l\u00f6ytyy kannatusta Euroopasta!<\/p>\n","protected":false},"excerpt":{"rendered":"<p>Euroopan P\u00f6yt\u00e4tennisunioni ETTU kokoontui vuosikokoukseensa virtuaalisesti keskiviikkona. Runsaan nelj\u00e4n tunnin tapaaminen sujui p\u00e4\u00e4osin hyvin, mutta pieni\u00e4 teknisi\u00e4 haasteita toki oli. Aloitus mm. my\u00f6h\u00e4styi puolisen tuntia. Asiat kahlattiin kuitenkin l\u00e4pi, 51 maan voimin. Lis\u00e4ksi kolme osanottajamaata oli mukana valtakirjalla. Pient\u00e4 haikeuttakin oli ilmassa, sill\u00e4 ETTU:ta kahdeksan vuotta johtanut hollantilainen Ronald Kramer sai pit\u00e4\u00e4 viimeisen kokouksensa (vain) &hellip; <a href=\"https:\/\/www.sptl.fi\/sptl_test\/?p=23566\" class=\"more-link\">Jatka lukemista <span class=\"screen-reader-text\">Tiedotusterveisi\u00e4: Sonjalle kansainv\u00e4liset jatkopestit<\/span> <span class=\"meta-nav\">&rarr;<\/span><\/a><\/p>\n","protected":false},"author":11,"featured_media":0,"comment_status":"open","ping_status":"open","sticky":false,"template":"","format":"standard","meta":{"ngg_post_thumbnail":0,"footnotes":""},"categories":[1],"tags":[],"_links":{"self":[{"href":"https:\/\/www.sptl.fi\/sptl_test\/index.php?rest_route=\/wp\/v2\/posts\/23566"}],"collection":[{"href":"https:\/\/www.sptl.fi\/sptl_test\/index.php?rest_route=\/wp\/v2\/posts"}],"about":[{"href":"https:\/\/www.sptl.fi\/sptl_test\/index.php?rest_route=\/wp\/v2\/types\/post"}],"author":[{"embeddable":true,"href":"https:\/\/www.sptl.fi\/sptl_test\/index.php?rest_route=\/wp\/v2\/users\/11"}],"replies":[{"embeddable":true,"href":"https:\/\/www.sptl.fi\/sptl_test\/index.php?rest_route=%2Fwp%2Fv2%2Fcomments&post=23566"}],"version-history":[{"count":0,"href":"https:\/\/www.sptl.fi\/sptl_test\/index.php?rest_route=\/wp\/v2\/posts\/23566\/revisions"}],"wp:attachment":[{"href":"https:\/\/www.sptl.fi\/sptl_test\/index.php?rest_route=%2Fwp%2Fv2%2Fmedia&parent=23566"}],"wp:term":[{"taxonomy":"category","embeddable":true,"href":"https:\/\/www.sptl.fi\/sptl_test\/index.php?rest_route=%2Fwp%2Fv2%2Fcategories&post=23566"},{"taxonomy":"post_tag","embeddable":true,"href":"https:\/\/www.sptl.fi\/sptl_test\/index.php?rest_route=%2Fwp%2Fv2%2Ftags&post=23566"}],"curies":[{"name":"wp","href":"https:\/\/api.w.org\/{rel}","templated":true}]}}