{"id":23912,"date":"2020-10-05T14:07:21","date_gmt":"2020-10-05T11:07:21","guid":{"rendered":"https:\/\/www.sptl.fi\/sptl_test\/?p=23912"},"modified":"2020-10-05T14:07:21","modified_gmt":"2020-10-05T11:07:21","slug":"valmentajailta-16-10-muista-ilmoittautua","status":"publish","type":"post","link":"https:\/\/www.sptl.fi\/sptl_test\/?p=23912","title":{"rendered":"Valmentajailta 16.10-muista ilmoittautua"},"content":{"rendered":"<p><strong>Valmentajailta<\/strong><strong>-16.10.2020<\/strong><\/p>\n<p>P\u00f6yt\u00e4tennisliitto j\u00e4rjest\u00e4\u00e4 kaikille valmentajille avoimen koulutus ja keskustelutapahtuman perjantaina 16.10 kello 17.30 alkaen. Koulutus toteutetaan \u201det\u00e4n\u00e4\u201d Teams-palvelua k\u00e4ytt\u00e4en. Tapahtuma kest\u00e4\u00e4 noin kaksi tuntia.<\/p>\n<p>Et\u00e4tapahtumaan saavat osallistua kaikki valmennustoiminnassa mukana olevat tai siit\u00e4 kiinnostuneet henkil\u00f6t, eik\u00e4 osallistujam\u00e4\u00e4r\u00e4\u00e4 ole rajattu.<\/p>\n<p>Illan aikana esitell\u00e4\u00e4n kev\u00e4\u00e4ll\u00e4 tehdyt valmentajamateriaalit. Lis\u00e4ksi kummastakin otetaan keskustelun teemaksi pari nostoa.<\/p>\n<p><strong>Seuravalmentajakoulutuksen itsen\u00e4isopiskelumateriaali <\/strong><\/p>\n<p><a href=\"https:\/\/www.sptl.fi\/sptl_test\/?page_id=22769\">https:\/\/www.sptl.fi\/sptl_test\/?page_id=22769<\/a><\/p>\n<ul>\n<li>\u201dKysy onnistumisista\u201d<\/li>\n<li>\u201dLy\u00f6nnin nelj\u00e4 vaihetta\u201d<\/li>\n<\/ul>\n<p><strong>Moderni p\u00f6yt\u00e4tennistekniikka ja valmennus<\/strong><\/p>\n<p><a href=\"https:\/\/www.sptl.fi\/sptl_test\/?page_id=22766\">https:\/\/www.sptl.fi\/sptl_test\/?page_id=22766<\/a><\/p>\n<ul>\n<li>\u201dModerni tekniikka\u201d<\/li>\n<\/ul>\n<p>Ilmoittautumiset viimeist\u00e4\u00e4n tiistaina 13.10 <a href=\"mailto:info@sptl.fi\">info@sptl.fi<\/a>.<\/p>\n<p>Tervetuloa!<\/p>\n","protected":false},"excerpt":{"rendered":"<p>Valmentajailta-16.10.2020 P\u00f6yt\u00e4tennisliitto j\u00e4rjest\u00e4\u00e4 kaikille valmentajille avoimen koulutus ja keskustelutapahtuman perjantaina 16.10 kello 17.30 alkaen. Koulutus toteutetaan \u201det\u00e4n\u00e4\u201d Teams-palvelua k\u00e4ytt\u00e4en. Tapahtuma kest\u00e4\u00e4 noin kaksi tuntia. Et\u00e4tapahtumaan saavat osallistua kaikki valmennustoiminnassa mukana olevat tai siit\u00e4 kiinnostuneet henkil\u00f6t, eik\u00e4 osallistujam\u00e4\u00e4r\u00e4\u00e4 ole rajattu. Illan aikana esitell\u00e4\u00e4n kev\u00e4\u00e4ll\u00e4 tehdyt valmentajamateriaalit. Lis\u00e4ksi kummastakin otetaan keskustelun teemaksi pari nostoa. Seuravalmentajakoulutuksen itsen\u00e4isopiskelumateriaali https:\/\/www.sptl.fi\/sptl_test\/?page_id=22769 &hellip; <a href=\"https:\/\/www.sptl.fi\/sptl_test\/?p=23912\" class=\"more-link\">Jatka lukemista <span class=\"screen-reader-text\">Valmentajailta 16.10-muista ilmoittautua<\/span> <span class=\"meta-nav\">&rarr;<\/span><\/a><\/p>\n","protected":false},"author":14,"featured_media":0,"comment_status":"open","ping_status":"open","sticky":false,"template":"","format":"standard","meta":{"ngg_post_thumbnail":0,"footnotes":""},"categories":[1],"tags":[],"_links":{"self":[{"href":"https:\/\/www.sptl.fi\/sptl_test\/index.php?rest_route=\/wp\/v2\/posts\/23912"}],"collection":[{"href":"https:\/\/www.sptl.fi\/sptl_test\/index.php?rest_route=\/wp\/v2\/posts"}],"about":[{"href":"https:\/\/www.sptl.fi\/sptl_test\/index.php?rest_route=\/wp\/v2\/types\/post"}],"author":[{"embeddable":true,"href":"https:\/\/www.sptl.fi\/sptl_test\/index.php?rest_route=\/wp\/v2\/users\/14"}],"replies":[{"embeddable":true,"href":"https:\/\/www.sptl.fi\/sptl_test\/index.php?rest_route=%2Fwp%2Fv2%2Fcomments&post=23912"}],"version-history":[{"count":0,"href":"https:\/\/www.sptl.fi\/sptl_test\/index.php?rest_route=\/wp\/v2\/posts\/23912\/revisions"}],"wp:attachment":[{"href":"https:\/\/www.sptl.fi\/sptl_test\/index.php?rest_route=%2Fwp%2Fv2%2Fmedia&parent=23912"}],"wp:term":[{"taxonomy":"category","embeddable":true,"href":"https:\/\/www.sptl.fi\/sptl_test\/index.php?rest_route=%2Fwp%2Fv2%2Fcategories&post=23912"},{"taxonomy":"post_tag","embeddable":true,"href":"https:\/\/www.sptl.fi\/sptl_test\/index.php?rest_route=%2Fwp%2Fv2%2Ftags&post=23912"}],"curies":[{"name":"wp","href":"https:\/\/api.w.org\/{rel}","templated":true}]}}