{"id":24024,"date":"2020-10-11T22:07:02","date_gmt":"2020-10-11T19:07:02","guid":{"rendered":"https:\/\/www.sptl.fi\/sptl_test\/?p=24024"},"modified":"2020-10-12T18:50:01","modified_gmt":"2020-10-12T15:50:01","slug":"tiedotusterveisia-38","status":"publish","type":"post","link":"https:\/\/www.sptl.fi\/sptl_test\/?p=24024","title":{"rendered":"Tiedotusterveisi\u00e4"},"content":{"rendered":"<p>Sunnuntaina taidettiin tehd\u00e4 (tosin hiukan kyseenalainen) uusi enn\u00e4tys, sill\u00e4 Juniori-SM:n yhteydess\u00e4 j\u00e4rjestettyyn ylim\u00e4\u00e4r\u00e4iseen liittokokoukseen saapuivat toiminnanjohtaja Mika R\u00e4s\u00e4sen lis\u00e4ksi vain Wegan Pekka Kolppanen ja allekirjoittanut Kosken Kaiun edustajana.<\/p>\n<p>Esill\u00e4 oli vain yksi asia eli s\u00e4\u00e4nt\u00f6muutos, joka mahdollistaa et\u00e4osallistumisen liittokokouksiin. Kyseinen ehdotus oli liiton sivuilla paraatipaikalla pitk\u00e4\u00e4n, joten tiedonpuutteesta tuskin oli kyse. Tulkitaan paremminkin niin, ett\u00e4 v\u00e4ki hyv\u00e4ksyi ehdotuksen hiljaa mieless\u00e4\u00e4n, eik\u00e4 siksi vaivautunut kokouspaikalle sit\u00e4 kannattamaan.<\/p>\n<p>Ehdotus siis hyv\u00e4ksyttiin, joten jo viralliseen syyskokoukseen 14. marraskuuta voi osallistua my\u00f6s et\u00e4n\u00e4. Nyt hyv\u00e4ksytty uudistus tarkoittaa sit\u00e4, ett\u00e4 vanha tapa k\u00e4yd\u00e4 liittokokouksessa s\u00e4ilyi t\u00e4ysin ennallaan. Paikan p\u00e4\u00e4ll\u00e4 saa edelleen edustaa valtakirjalla 1-3 seuraa. Nyt uutta on et\u00e4osallistumismahdollisuus yht\u00e4 seuraa edustaen.<\/p>\n<p>Toivotaan, ett\u00e4 marraskuun kokous on t\u00e4m\u00e4np\u00e4iv\u00e4ist\u00e4 suositumpi. Listalla on mielenkiintoisia asioita, kuten ensin vuoden toiminta- ja taloussuunnitelma sek\u00e4 liiton puheenjohtajan ja varapuheenjohtajan valinta tulevaksi kaksivuotiskaudeksi. Samalle kaudelle valitaan my\u00f6s puolet hallituksen j\u00e4senist\u00e4.<\/p>\n<p>K\u00e4yt\u00e4n t\u00e4ss\u00e4 hyv\u00e4kseni tilaisuutta ja ilmoitan olevani valmis puheenjohtajan teht\u00e4v\u00e4\u00e4n jatkossakin. Jos liittokokouksen osallistuvat j\u00e4senseurat niin suovat.<\/p>\n","protected":false},"excerpt":{"rendered":"<p>Sunnuntaina taidettiin tehd\u00e4 (tosin hiukan kyseenalainen) uusi enn\u00e4tys, sill\u00e4 Juniori-SM:n yhteydess\u00e4 j\u00e4rjestettyyn ylim\u00e4\u00e4r\u00e4iseen liittokokoukseen saapuivat toiminnanjohtaja Mika R\u00e4s\u00e4sen lis\u00e4ksi vain Wegan Pekka Kolppanen ja allekirjoittanut Kosken Kaiun edustajana. Esill\u00e4 oli vain yksi asia eli s\u00e4\u00e4nt\u00f6muutos, joka mahdollistaa et\u00e4osallistumisen liittokokouksiin. Kyseinen ehdotus oli liiton sivuilla paraatipaikalla pitk\u00e4\u00e4n, joten tiedonpuutteesta tuskin oli kyse. Tulkitaan paremminkin niin, ett\u00e4 &hellip; <a href=\"https:\/\/www.sptl.fi\/sptl_test\/?p=24024\" class=\"more-link\">Jatka lukemista <span class=\"screen-reader-text\">Tiedotusterveisi\u00e4<\/span> <span class=\"meta-nav\">&rarr;<\/span><\/a><\/p>\n","protected":false},"author":11,"featured_media":0,"comment_status":"open","ping_status":"open","sticky":false,"template":"","format":"standard","meta":{"ngg_post_thumbnail":0,"footnotes":""},"categories":[1],"tags":[],"_links":{"self":[{"href":"https:\/\/www.sptl.fi\/sptl_test\/index.php?rest_route=\/wp\/v2\/posts\/24024"}],"collection":[{"href":"https:\/\/www.sptl.fi\/sptl_test\/index.php?rest_route=\/wp\/v2\/posts"}],"about":[{"href":"https:\/\/www.sptl.fi\/sptl_test\/index.php?rest_route=\/wp\/v2\/types\/post"}],"author":[{"embeddable":true,"href":"https:\/\/www.sptl.fi\/sptl_test\/index.php?rest_route=\/wp\/v2\/users\/11"}],"replies":[{"embeddable":true,"href":"https:\/\/www.sptl.fi\/sptl_test\/index.php?rest_route=%2Fwp%2Fv2%2Fcomments&post=24024"}],"version-history":[{"count":0,"href":"https:\/\/www.sptl.fi\/sptl_test\/index.php?rest_route=\/wp\/v2\/posts\/24024\/revisions"}],"wp:attachment":[{"href":"https:\/\/www.sptl.fi\/sptl_test\/index.php?rest_route=%2Fwp%2Fv2%2Fmedia&parent=24024"}],"wp:term":[{"taxonomy":"category","embeddable":true,"href":"https:\/\/www.sptl.fi\/sptl_test\/index.php?rest_route=%2Fwp%2Fv2%2Fcategories&post=24024"},{"taxonomy":"post_tag","embeddable":true,"href":"https:\/\/www.sptl.fi\/sptl_test\/index.php?rest_route=%2Fwp%2Fv2%2Ftags&post=24024"}],"curies":[{"name":"wp","href":"https:\/\/api.w.org\/{rel}","templated":true}]}}