{"id":24158,"date":"2020-10-19T13:12:35","date_gmt":"2020-10-19T10:12:35","guid":{"rendered":"https:\/\/www.sptl.fi\/sptl_test\/?p=24158"},"modified":"2020-10-21T09:15:37","modified_gmt":"2020-10-21T06:15:37","slug":"benedek-olahin-kausi-kayntiin-ranskassa-alex-naumin-ura-jatkuu-ruotsissa","status":"publish","type":"post","link":"https:\/\/www.sptl.fi\/sptl_test\/?p=24158","title":{"rendered":"Benedek Ol\u00e1hin kausi k\u00e4yntiin Ranskassa \u2013 Alex Naumin ura jatkuu Ruotsissa"},"content":{"rendered":"<p><strong>Tokion olympiakisoihin t\u00e4ht\u00e4\u00e4v\u00e4n Benedek Ol\u00e1hin kausi p\u00f6yt\u00e4tenniksen Ranskan Pro A -liigassa alkaa tiistaina, kun suomalaispelaajan edustama Jura Morez TT kohtaa kotona TTC Caenin.<\/strong><\/p>\n<p>Ol\u00e1h lent\u00e4\u00e4 maanantaina kotoaan Budapestista sarja-avaukseen Ranskaan.<\/p>\n<p>&#8211; Oma roolini joukkueessa on viel\u00e4 auki, kun koko sarjan pelaaminen on ollut ep\u00e4varmaa. Yrit\u00e4n kuitenkin treenata joka p\u00e4iv\u00e4 ja p\u00e4\u00e4st\u00e4 mahdollisimman hyv\u00e4\u00e4n kuntoon, Sein\u00e4joen Sisun mies kertoo.<\/p>\n<p>Jura Morez l\u00e4htee kauteen hallitsevana mestarina, kun joukkue juhli vuonna 2019 Pro A -liigan voittoa. Viime kev\u00e4\u00e4n\u00e4 pelit keskeytettiin koronapandemian vuoksi.<\/p>\n<p><span style=\"color: #ff0000;\"><strong>Edit 20.10. klo 12.45: Jura Morez TT:n tiistain ottelu on peruttu koronaep\u00e4ilyn vuoksi.<\/strong><\/span><\/p>\n<p><strong>Alex Naumin ura jatkuu Ruotsissa<\/strong><\/p>\n<p>Alex Naumi puolestaan jatkaa uraansa Esl\u00f6vs AI BTK:n riveiss\u00e4, Etel\u00e4-Ruotsissa. Kosken Kaiun kasvatti pelaa l\u00e4nsinaapurin p\u00e4\u00e4sarjaa eli Pingisligania.<\/p>\n<p><img loading=\"lazy\" decoding=\"async\" class=\"alignnone size-large wp-image-24159\" src=\"https:\/\/www.sptl.fi\/sptl_test\/wp-content\/uploads\/AlexNaumi2-1024x683.jpg\" alt=\"\" width=\"604\" height=\"403\" srcset=\"https:\/\/www.sptl.fi\/sptl_test\/wp-content\/uploads\/AlexNaumi2-1024x683.jpg 1024w, https:\/\/www.sptl.fi\/sptl_test\/wp-content\/uploads\/AlexNaumi2-300x200.jpg 300w, https:\/\/www.sptl.fi\/sptl_test\/wp-content\/uploads\/AlexNaumi2-1536x1024.jpg 1536w, https:\/\/www.sptl.fi\/sptl_test\/wp-content\/uploads\/AlexNaumi2.jpg 2048w\" sizes=\"(max-width: 604px) 100vw, 604px\" \/><\/p>\n<p>&#8211; Harjoituskausi on sujunut hyvin, eik\u00e4 minulla ole ollut mit\u00e4\u00e4n isompia loukkaantumisia ja paikat ovat pysyneet hyvin ehjin\u00e4. Koronatauon aikana oma peli on mennyt selke\u00e4sti eteenp\u00e4in. Yhteisty\u00f6 uuden fysiikkavalmentajan Tuomas Sallisen kanssa on tuonut nopeutta ja r\u00e4j\u00e4ht\u00e4vyytt\u00e4 lis\u00e4\u00e4.<\/p>\n<p>&#8211; L\u00e4ht\u00f6kohtaisesti olin Esl\u00f6vin nelospelaaja. Japanilaispelaajamme ei p\u00e4\u00e4ssyt kuitenkaan tulemaan Ruotsiin ja Truls M\u00f6reng\u00e5rdh on menossa polvileikkaukseen, joten tulen varmaan pelaamaan kaikki matsit kakkos- tai kolmospelaajan roolissa, Naumi ennakoi.<\/p>\n<p>Naumi odottaa hyvien harjoituspelien tason siirtymist\u00e4 kauden kilpailutapahtumiin. Esl\u00f6v on aloittanut kautensa yhdell\u00e4 voitolla yhdell\u00e4 tappiolla. Tiistaina on vastassa vieraissa S\u00f6derhamns UIF.<\/p>\n<p>&#8211; Tavoitteena on voittaa joukkueena sek\u00e4 Ruotsin ett\u00e4 Suomen mestaruudet, kasvattajaseuraansa kotimaassa edustava koskelainen sanoo.<\/p>\n<p>19-vuotiaan Naumin el\u00e4m\u00e4 py\u00f6rii p\u00e4\u00e4osin pingiksen ymp\u00e4rill\u00e4, mutta aikaa j\u00e4\u00e4 my\u00f6s viimeisen vuoden lukio-opinnoille.<\/p>\n<p>&#8211; Homma toimii, kun koulun lukuj\u00e4rjestys ja treenit on sovitettu hyvin yhteen, Naumi kiittelee.<\/p>\n<p><strong>Finlandia Open peruttu<\/strong><\/p>\n<p>Joulukuun alkuun suunniteltu p\u00f6yt\u00e4tenniksen kansainv\u00e4linen Finlandia Open on peruttu vallitsevan koronatilanteen sek\u00e4 matkustusrajoitusten vuoksi. Vuosi sitten Ol\u00e1h juhli Kisakalliossa miesten kaksinpelin voittoa ensimm\u00e4isen\u00e4 suomalaispelaajana kautta aikojen.<\/p>\n<p><strong>Ol\u00e1hin ja Naumin sarjaohjelmat ja tulokset<\/strong><\/p>\n<p>Ranska: <a href=\"http:\/\/www.fftt.com\/pro\/index.php?job=division&amp;id=proam\" target=\"_blank\" rel=\"noopener noreferrer\">http:\/\/www.fftt.com\/pro\/index.php?job=division&amp;id=proam<\/a><\/p>\n<p><span style=\"color: #ff0000;\"><strong>Edit 20.10. klo 12.45: Jura Morez TT:n tiistain ottelu on peruttu koronaep\u00e4ilyn vuoksi.<\/strong><\/span><\/p>\n<p>Ruotsi: <a href=\"https:\/\/www.profixio.com\/fx\/serieoppsett.php?t=SBTF_SERIE_AVD11954&amp;k=LS11954&amp;p=1\" target=\"_blank\" rel=\"noopener noreferrer\">https:\/\/www.profixio.com\/fx\/serieoppsett.php?t=SBTF_SERIE_AVD11954&amp;k=LS11954&amp;p=1<\/a><\/p>\n<p><strong>Livel\u00e4hetykset<\/strong><\/p>\n<p>Ranska: (3 \u20ac\/kierros): <a href=\"https:\/\/ffttlive.okast.tv\/\" target=\"_blank\" rel=\"noopener noreferrer\">https:\/\/ffttlive.okast.tv\/<\/a><\/p>\n<p>Ruotsi (39 SEK\/kierros tai 49 SEK\/kk): <a href=\"https:\/\/solidsport.com\/eslovs-ai-btk\" target=\"_blank\" rel=\"noopener noreferrer\">https:\/\/solidsport.com\/eslovs-ai-btk<\/a><\/p>\n<p>&nbsp;<\/p>\n","protected":false},"excerpt":{"rendered":"<p>Tokion olympiakisoihin t\u00e4ht\u00e4\u00e4v\u00e4n Benedek Ol\u00e1hin kausi p\u00f6yt\u00e4tenniksen Ranskan Pro A -liigassa alkaa tiistaina, kun suomalaispelaajan edustama Jura Morez TT kohtaa kotona TTC Caenin. Ol\u00e1h lent\u00e4\u00e4 maanantaina kotoaan Budapestista sarja-avaukseen Ranskaan. &#8211; Oma roolini joukkueessa on viel\u00e4 auki, kun koko sarjan pelaaminen on ollut ep\u00e4varmaa. Yrit\u00e4n kuitenkin treenata joka p\u00e4iv\u00e4 ja p\u00e4\u00e4st\u00e4 mahdollisimman hyv\u00e4\u00e4n kuntoon, Sein\u00e4joen &hellip; <a href=\"https:\/\/www.sptl.fi\/sptl_test\/?p=24158\" class=\"more-link\">Jatka lukemista <span class=\"screen-reader-text\">Benedek Ol\u00e1hin kausi k\u00e4yntiin Ranskassa \u2013 Alex Naumin ura jatkuu Ruotsissa<\/span> <span class=\"meta-nav\">&rarr;<\/span><\/a><\/p>\n","protected":false},"author":282,"featured_media":21757,"comment_status":"open","ping_status":"open","sticky":false,"template":"","format":"standard","meta":{"ngg_post_thumbnail":0,"footnotes":""},"categories":[14,10],"tags":[61,43],"_links":{"self":[{"href":"https:\/\/www.sptl.fi\/sptl_test\/index.php?rest_route=\/wp\/v2\/posts\/24158"}],"collection":[{"href":"https:\/\/www.sptl.fi\/sptl_test\/index.php?rest_route=\/wp\/v2\/posts"}],"about":[{"href":"https:\/\/www.sptl.fi\/sptl_test\/index.php?rest_route=\/wp\/v2\/types\/post"}],"author":[{"embeddable":true,"href":"https:\/\/www.sptl.fi\/sptl_test\/index.php?rest_route=\/wp\/v2\/users\/282"}],"replies":[{"embeddable":true,"href":"https:\/\/www.sptl.fi\/sptl_test\/index.php?rest_route=%2Fwp%2Fv2%2Fcomments&post=24158"}],"version-history":[{"count":0,"href":"https:\/\/www.sptl.fi\/sptl_test\/index.php?rest_route=\/wp\/v2\/posts\/24158\/revisions"}],"wp:featuredmedia":[{"embeddable":true,"href":"https:\/\/www.sptl.fi\/sptl_test\/index.php?rest_route=\/wp\/v2\/media\/21757"}],"wp:attachment":[{"href":"https:\/\/www.sptl.fi\/sptl_test\/index.php?rest_route=%2Fwp%2Fv2%2Fmedia&parent=24158"}],"wp:term":[{"taxonomy":"category","embeddable":true,"href":"https:\/\/www.sptl.fi\/sptl_test\/index.php?rest_route=%2Fwp%2Fv2%2Fcategories&post=24158"},{"taxonomy":"post_tag","embeddable":true,"href":"https:\/\/www.sptl.fi\/sptl_test\/index.php?rest_route=%2Fwp%2Fv2%2Ftags&post=24158"}],"curies":[{"name":"wp","href":"https:\/\/api.w.org\/{rel}","templated":true}]}}