{"id":25336,"date":"2021-02-13T21:45:11","date_gmt":"2021-02-13T19:45:11","guid":{"rendered":"https:\/\/www.sptl.fi\/sptl_test\/?p=25336"},"modified":"2021-02-13T21:45:11","modified_gmt":"2021-02-13T19:45:11","slug":"tiedotusterveisia-ettu-kokousti-etana","status":"publish","type":"post","link":"https:\/\/www.sptl.fi\/sptl_test\/?p=25336","title":{"rendered":"Tiedotusterveisi\u00e4 &#8211; ETTU kokousti et\u00e4n\u00e4"},"content":{"rendered":"<p>ETTU j\u00e4rjesti lauantaina vuosikokouksensa, et\u00e4n\u00e4 tietenkin. Kokous oli samalla j\u00e4rjest\u00f6n uuden puheenhohtajan, ven\u00e4l\u00e4isen Igor Levitinin ensimm\u00e4inen vuosikokous. Ja t\u00e4m\u00e4 oli juuri se kokous, jonka Levitin jossakin vaiheessa olisi halunnut j\u00e4rjest\u00e4\u00e4 Suomessa.<\/p>\n<p>Uusi puheenjohtaja puhuu vain \u00e4idinkielt\u00e4\u00e4n, joten kokoukset ovat nyt hiukan erilaisia. Et\u00e4yhteyksien lis\u00e4ksi tarvitaan my\u00f6s tulkkeja. Pit\u00e4j\u00e4nm\u00e4en toimistolla SPTL:a edustivat allekirjoittanut ja Mika R\u00e4s\u00e4nen. My\u00f6s varapuheenjohtajamme Sonja Grefberg oli Sporttitalolla, tosin l\u00e4hinn\u00e4 ETTU:n hallituksen j\u00e4senen roolissa.<\/p>\n<p>Vaikka p\u00e4\u00e4tett\u00e4v\u00e4t asiat eiv\u00e4t olleet ihmeellisi\u00e4, kokous kiinnosti p\u00f6yt\u00e4tennisv\u00e4ke\u00e4 enemm\u00e4n kuin koskaan. Linjoilla keskustelua seurasi per\u00e4ti 116 henkil\u00f6\u00e4! ETTU:lla on 58 j\u00e4sent\u00e4, joista kokouksessa oli mukana 51. Loput olivat kakkosdelegaatteja sek\u00e4 mm. ITTF:n k\u00e4rkinimi\u00e4 toimitusjohtajaa ja puheenjohtajaa my\u00f6ten.<\/p>\n<p>Heit\u00e4 ja monia muitakin kiinnosti etenkin se, ett\u00e4 kokouksessa keskusteltiin ETTU:n ja ITTF:n (huonoista) suhteista. ITTF:n puheenjohtaja pitikin Levitinin pyynn\u00f6st\u00e4 avaussanat, joissa totesi avoimesti, ett\u00e4 (ITTF:n perustama) World Table Tennis eli WTT on huono asia eurooppalaiselle p\u00f6yt\u00e4tennikselle. Siis ITTF:n saksalainen nokkamies sanoo, ett\u00e4 j\u00e4rjest\u00f6n lanseeraama WTT on huonoksi Euroopalle!? Se Euroopassa jo tietenkin tiedet\u00e4\u00e4nkin.<\/p>\n<p>Keskustelu WTT:st\u00e4 taukosi hetkeksi, kun ensin k\u00e4ytiin l\u00e4pi varsinaiset kokousasiat. Testi\u00e4\u00e4nestyksien j\u00e4lkeen (Englannin liiton puheenjohtaja) Sandra Deaton esitteli uutena talouspuolen varapresidenttin\u00e4 ETTU:n vuoden 2020 alustavan tuloksen ja kuluvan vuoden budjetin. \u00a0Viime vuoden tulos on miinuksella noin 220 000 \u20ac, l\u00e4hinn\u00e4 koronan takia saamatta j\u00e4\u00e4neiden kilpailutuottojen vaikutuksesta. Kuluvalle vuodelle ly\u00f6tiin kiinni 48 000 \u20ac plusmerkkinen budjetti. Siihen sis\u00e4ltyv\u00e4t mm. j\u00e4rjest\u00f6\u00f6n rekrytoidun ven\u00e4l\u00e4isen lakimiehen palvelut.<\/p>\n<p>Seuraavaksi puhuttiin taas ITTF-suhteista. ETTU:n portuglilainen kakkosmies Pedro Moura kertoi, ett\u00e4 l\u00e4hinn\u00e4 kiikastaa uusi kansainv\u00e4linen rankinglista (joka betonoi k\u00e4rkipelaajien roolin ja antaa Europan kisoille pisteit\u00e4 tuskin lainkaan) sek\u00e4 kansainv\u00e4linen kilpailukalenteri, jonka laadinnassa WTT ei ota eurooppalaisia sarjoja ja arvokisoja huomioon oikeastaan mitenk\u00e4\u00e4n. Levitin muistutti, ett\u00e4 my\u00f6s \u201dmaanosasopimus\u201d Euroopan kanssa on neuvotteluvaiheessa, ett\u00e4 varasuunnitelmana ETTU:lla on oman kilpailutoiminnan k\u00e4ynnist\u00e4minen.<\/p>\n<p>Unkarin puheenjohtaja Roland Natran tuli jo aiemmin esille kirjeell\u00e4, jossa h\u00e4n kannatti joustavaa ja rakentavaa suhtautumista WTT:n vaatimuksiin. Belgian Jaques Denys oli t\u00e4ysin vastakkaisella linjalla ja ETTU:n kunniaj\u00e4sen ja entinen puheenjohtaja Stefano Bosi piti puheenvuoron, josta oli hankala saada tolkkua. Italiainen kun oli v\u00e4lill\u00e4 puolesta ja v\u00e4lill\u00e4 vastaan. Keskustelu ei lopulta johtanut oikein mihink\u00e4\u00e4n. ETTU jatkaa kuitenkin neuvotteluja ITTF:n ja WTT:n kanssa.<\/p>\n<p>Kokouksessa oli my\u00f6s s\u00e4\u00e4nt\u00f6asia, jossa ETTU vanhensi junioreiden luokkaa vuodella kansainv\u00e4lisen yhdenmukaisuuden nimiss\u00e4. ITTF:ll\u00e4 kun on ollut k\u00e4yt\u00e4nt\u00f6, jossa junioreissa pelataan \u201dalle 19-vuotiaiksi\u201d asti. Euroopassa m\u00e4\u00e4re on ollut \u201dalle 18-vuotta\u201d (ETTU) ja Suomessa on k\u00e4ytetty muotoa \u201d17-vuotiaat\u201d. Oli termi miten oli, nyt Arttu Pihkalan ik\u00e4luokan pelaajat saivat yhden juniorivuoden lis\u00e4\u00e4 eli saavat pelata JEM:ss\u00e4 viel\u00e4 ensi kes\u00e4n\u00e4 (jos kisa j\u00e4rjestet\u00e4\u00e4n\u2026).<\/p>\n<p>ETTU on joka tapauksessa suunnitellut tulevaa. Euroopan olympiakarsinnat pelataan huhtikuussa Portugalissa, henkil\u00f6kohtaiset EM-kilpailut kes\u00e4kuussa Varsovassa ja joukkue-EM syksyll\u00e4 Romaniassa. Zagreb is\u00e4nn\u00f6i JEM-kisaa hein\u00e4kuussa. Jos korona suo.<\/p>\n<p>On selv\u00e4\u00e4, ett\u00e4 kaikkien edell\u00e4 luetelluiden tapahtumien toteutuminen riippuvat t\u00e4ysin pandemian kehittymisest\u00e4 ja rokotuksien edistymisest\u00e4. Sama koskee ETTU:n \u201dkehitt\u00e4mistapahtumia\u201d, kuten esimerkiksi minikadettien leirej\u00e4 ja valmentajakoulutuksia. Niit\u00e4 on tulossa juuri hakuun. Mekin SPTL:ss\u00e4 katsomme tarkkaan, olisiko jonkun tapahtuman haku Suomeen mahdollista ja viisasta.<\/p>\n","protected":false},"excerpt":{"rendered":"<p>ETTU j\u00e4rjesti lauantaina vuosikokouksensa, et\u00e4n\u00e4 tietenkin. Kokous oli samalla j\u00e4rjest\u00f6n uuden puheenhohtajan, ven\u00e4l\u00e4isen Igor Levitinin ensimm\u00e4inen vuosikokous. Ja t\u00e4m\u00e4 oli juuri se kokous, jonka Levitin jossakin vaiheessa olisi halunnut j\u00e4rjest\u00e4\u00e4 Suomessa. Uusi puheenjohtaja puhuu vain \u00e4idinkielt\u00e4\u00e4n, joten kokoukset ovat nyt hiukan erilaisia. Et\u00e4yhteyksien lis\u00e4ksi tarvitaan my\u00f6s tulkkeja. Pit\u00e4j\u00e4nm\u00e4en toimistolla SPTL:a edustivat allekirjoittanut ja Mika R\u00e4s\u00e4nen. &hellip; <a href=\"https:\/\/www.sptl.fi\/sptl_test\/?p=25336\" class=\"more-link\">Jatka lukemista <span class=\"screen-reader-text\">Tiedotusterveisi\u00e4 &#8211; ETTU kokousti et\u00e4n\u00e4<\/span> <span class=\"meta-nav\">&rarr;<\/span><\/a><\/p>\n","protected":false},"author":11,"featured_media":0,"comment_status":"open","ping_status":"open","sticky":false,"template":"","format":"standard","meta":{"ngg_post_thumbnail":0,"footnotes":""},"categories":[1],"tags":[],"_links":{"self":[{"href":"https:\/\/www.sptl.fi\/sptl_test\/index.php?rest_route=\/wp\/v2\/posts\/25336"}],"collection":[{"href":"https:\/\/www.sptl.fi\/sptl_test\/index.php?rest_route=\/wp\/v2\/posts"}],"about":[{"href":"https:\/\/www.sptl.fi\/sptl_test\/index.php?rest_route=\/wp\/v2\/types\/post"}],"author":[{"embeddable":true,"href":"https:\/\/www.sptl.fi\/sptl_test\/index.php?rest_route=\/wp\/v2\/users\/11"}],"replies":[{"embeddable":true,"href":"https:\/\/www.sptl.fi\/sptl_test\/index.php?rest_route=%2Fwp%2Fv2%2Fcomments&post=25336"}],"version-history":[{"count":0,"href":"https:\/\/www.sptl.fi\/sptl_test\/index.php?rest_route=\/wp\/v2\/posts\/25336\/revisions"}],"wp:attachment":[{"href":"https:\/\/www.sptl.fi\/sptl_test\/index.php?rest_route=%2Fwp%2Fv2%2Fmedia&parent=25336"}],"wp:term":[{"taxonomy":"category","embeddable":true,"href":"https:\/\/www.sptl.fi\/sptl_test\/index.php?rest_route=%2Fwp%2Fv2%2Fcategories&post=25336"},{"taxonomy":"post_tag","embeddable":true,"href":"https:\/\/www.sptl.fi\/sptl_test\/index.php?rest_route=%2Fwp%2Fv2%2Ftags&post=25336"}],"curies":[{"name":"wp","href":"https:\/\/api.w.org\/{rel}","templated":true}]}}