{"id":25838,"date":"2021-04-29T17:11:47","date_gmt":"2021-04-29T14:11:47","guid":{"rendered":"https:\/\/www.sptl.fi\/sptl_test\/?p=25838"},"modified":"2021-05-17T10:03:02","modified_gmt":"2021-05-17T07:03:02","slug":"tiedotusterveisia-aloitetaan-valmistautuminen-ensi-kauteen","status":"publish","type":"post","link":"https:\/\/www.sptl.fi\/sptl_test\/?p=25838","title":{"rendered":"Tiedotusterveisi\u00e4 &#8211; aloitetaan valmistautuminen ensi kauteen!"},"content":{"rendered":"<p><strong>Liittohallitus kokoontui keskiviikkona ja edess\u00e4 olikin t\u00e4rke\u00e4 kokous: olimme luvanneet, ett\u00e4 nyt annamme tietoa siit\u00e4, kuinka kausi p\u00e4\u00e4tet\u00e4\u00e4n ja kuinka kes\u00e4n j\u00e4lkeen jatketaan.<\/strong><\/p>\n<p>Alku otettiinkin t\u00e4st\u00e4. Kilpailuvaliokunta oli Teemu Oinaksen johdolla tehnyt mainiot pohjaty\u00f6t, joiden pohjalta hallitus p\u00e4\u00e4tti seuraavaa:<br \/>\n&#8211; Sarjat keskeytet\u00e4\u00e4n ja tilanteet j\u00e4\u00e4dytet\u00e4\u00e4n. Nousua tai pudottautumista voi hakea viime vuoden tapaan sarjailmoittautumisien yhteydess\u00e4. Mahdollisena poikkeuksena on mestaruussarjan mitalien ratkaiseminen, jota voidaan harkita yksip\u00e4iv\u00e4isess\u00e4 turnauksessa heti elokuussa. T\u00e4st\u00e4 asiasta kysell\u00e4\u00e4n kuitenkin ensin p\u00e4\u00e4sarjajoukkueiden omia mielipiteit\u00e4.<br \/>\n&#8211; Jos korona ja viranomaiset sallivat, 13- ja 15-vuotiaiden SM-kisa pelataan Koskella ennen kes\u00e4leiri\u00e4 12.-13. kes\u00e4kuuta. KoKa ja kilpailuvaliokunta p\u00e4\u00e4tt\u00e4v\u00e4t, onko kisassa nelinpeli\u00e4.<br \/>\n&#8211; Nappulaliiga ja 17-vuotiaiden SM j\u00e4rjestet\u00e4\u00e4n Oulussa 11.-12. syyskuuta<br \/>\n&#8211; Henkil\u00f6kohtainen SM pelataan Tampereella 4.-5. syyskuuta<br \/>\n&#8211; Veteraanivaliokunta sai teht\u00e4v\u00e4kseen tehd\u00e4 hallitukselle esityksen mahdollisesta Veteraanien SM:st\u00e4 ja joukkue-SM:st\u00e4<br \/>\n&#8211; Ensi kausi alkaa muilta osin normaalisti<\/p>\n<p>Totesimme hallituksessa, ett\u00e4 p\u00e4\u00e4t\u00f6s liiton seuroille asettamista maksuista ja siten my\u00f6s alennuksista\/palautuksista on s\u00e4\u00e4nt\u00f6jemme mukaan liittokokousasia. Hallitus tulee esitt\u00e4m\u00e4\u00e4n ylim\u00e4\u00e4r\u00e4iselle liittokokoukselle (jonka p\u00e4iv\u00e4\u00e4 ei viel\u00e4 ole p\u00e4\u00e4tetty), ett\u00e4<br \/>\n&#8211; Seurat, jotka ovat maksaneet kuluneen kauden sarjamaksun ja osallistuvat ensi kauden sarjoihin, saavat sarjamaksusta 25 % alennuksen<br \/>\n&#8211; pelaajat, joilla on ollut kuluneella kaudella lisenssi ja jotka hankkivat sen ensi kaudelle, saavat alennusta seuraavasti: normaalilisenssi 45 \u20ac (\u201dlistahinta\u201d 55 \u20ac), veteraanit, harrastajat ja 17-vuotiaat 27 (35). Nuorimpien 10 euron lisenssist\u00e4 ei my\u00f6nnet\u00e4 alennuksia, koska hinta on niin edullinen ja sit\u00e4 vastaan on mm. saanut P\u00f6yt\u00e4tennislehden.<\/p>\n<p>Kaikkien lisenssien kohdalta todettakoon, ett\u00e4 halutessaan ne saa maksaa my\u00f6s t\u00e4ysim\u00e4\u00e4r\u00e4isin\u00e4. Asia on melko iso liiton talouden kannalta, sill\u00e4 esitetyt alennukset tarkoittavat noin 20\u00a0000 \u20ac lovea normaalivuoden tuloihin.<\/p>\n<p>Todettakoon viel\u00e4, ett\u00e4 ajatus noin 25 % vastaantulosta perustuu laskelmalle, ett\u00e4 kaudesta tuli pelattua noin puolet. Toisen puolikkaan liitto ja seurat kattavat yhdess\u00e4. Liittokokous antoi t\u00e4st\u00e4 asiasta hallitukselle \u201dponnen\u201d, mink\u00e4 hallitus t\u00e4ll\u00e4 esityksell\u00e4 lunastaa. Ilman liittokokouksenkin p\u00e4\u00e4t\u00f6ksi\u00e4 on selv\u00e4\u00e4, ett\u00e4 jos seuran kisat j\u00e4iv\u00e4t viranomaisp\u00e4\u00e4t\u00f6ksien vuoksi pelaamatta ja seura oli jo ehtinyt maksamaan kilpailulupamaksun, se palautetaan anomuksesta.<\/p>\n<p>Sitten k\u00e4ytiin muiden valiokuntien ajankohtaisia asioita. Ty\u00f6valiokunnassa on sovittu Pongfinityn kanssa, ett\u00e4 liitto saa sen opetusvideosarjan konsultoinnista 5000 euron palkkion. Olemme my\u00f6s vierailleet olympiastadilla katsomassa pelitiloja. Niit\u00e4 saatetaan hyvin tarvita kes\u00e4ll\u00e4. Olympiakomitean puheenjohtajan Jan Vapaavuoren kanssa on pidetty yksi puheenjohtajakokous ja Huippu-urheiluyksik\u00f6n kanssa parikin keskustelua parap\u00f6yt\u00e4tenniksen asioista. My\u00f6s Pohjois-Euroopan Unionilla on ollut yksi verkkotapaaminen.<\/p>\n<p>Mika R\u00e4s\u00e4nen kertoi Seuravaliokunnan toimista, ett\u00e4 Teamsin kautta seuratapaamisia on ollut 21 seuran kanssa. Keskustelut ovat olleet hyvi\u00e4 ja syksyll\u00e4 on lupauksissa paljon toimintaa. Lis\u00e4ksi kolme seuraa sai OKM:n seuratukea, Jy\u00e4vskyl\u00e4 ja PT 75 saivat 15 000 \u20ac, LPTS 6000 \u20ac ja PT-60 2500 \u20ac. Henri Pelkonen auttoi kahdessa ensimm\u00e4isess\u00e4 anomuksessa vahvasti. Perinteinen kes\u00e4leiri Koskella on suunnitteilla kes\u00e4kuussa.<\/p>\n<p>Mika jatkoi Valmennusvaliokunnan puolesta todeten, ett\u00e4 viime viikolla j\u00e4rjestetty valmentajailta ker\u00e4si kaikkien aikojen enn\u00e4tysyleis\u00f6n. Tuomas Sallinen puhui fysiikkavalmennuksesta ja samalla esiteltiin my\u00f6s juuri tuloillaan olevaa fysiikkavalmennusopasta.<\/p>\n<p>Veteraanivaliokunnalla ei ollut raportoitavaa ja s\u00e4\u00e4nt\u00f6- ja tuomarivaliokunnan osalta todettiin, ett\u00e4 Joonas Kivim\u00e4ki ja Asko Rasinen olivat tuomareina olympiakarsinnassa Portugalissa.<\/p>\n<p>Kimmo Pihkala ilahdutti kokousv\u00e4ke\u00e4 toteamalla IT-valiokunnan puolesta, ett\u00e4 uutta kisanvetosoftaa voisi mahdollisesti koeponnistaa kes\u00e4ll\u00e4, jos junnujen SM-kisa saadaan toteutettua. Se olisi hieno juttu!<\/p>\n<p>Sonja Grefberg raportoi, ett\u00e4 kansainv\u00e4lisiss\u00e4 asioissa ei ole tullut ihmeellist\u00e4 uutta. ETTU:n taloudellinen tilanne kuulemma uuden puheenjohtajan my\u00f6t\u00e4 hyv\u00e4 ja ITTF:n asiat (edelleen) sekaisin.<\/p>\n<p>Hannu Sihvo selvitti Paravaliokunnan asioissa, ett\u00e4 leirill\u00e4 oltu Pajulahdessa ja viimeistelyleiri Laskon olympiakarsintaa silm\u00e4ll\u00e4 pit\u00e4en on tulossa samaan paikkaan.<\/p>\n<p>Mika ja Sonja kertoivat Huippu-urheiluvaliokunnan asioissa, ett\u00e4 Alex, Anna ja Benedek olivat mukana olympiakarsinnoissa. Kisapaikkoja ei valitettavasti tullut. Alex pelasi hyv\u00e4t kisat ja Annan otteet olivat &#8221;v\u00e4hint\u00e4\u00e4n ok\u201d. Benedekille kisa oli iso pettymys. Tulevista kisoista joukkueiden EM-karsinta ei ole varma ja siirtyy joka tapauksessa syksymm\u00e4lle. Kes\u00e4kuussa on Varsovassa henkil\u00f6kohtainen EM, jonne l\u00e4hd\u00f6ss\u00e4 ovat Alex, Anna ja Benedek. Hein\u00e4kuun lopulla on junnu-EM Kroatiassa, ensin juniorit ja sitten kadetit. Elokuulle on suunnitteilla Ruotsissa NETU Superweek naispelaajillle. Henkil\u00f6kohtainen MM Houstonissa pelattaneen marraskuussa. Ruskeasuon ryhm\u00e4 on harjoitellut normaalisti.<\/p>\n<p>Kev\u00e4tliittokokouksen p\u00e4\u00e4t\u00f6ksist\u00e4 hallitus totesi, ett\u00e4 esitetty s\u00e4\u00e4nt\u00f6muutosehdotus junioreiden ik\u00e4rajakorotuksesta 18-vuotiaisiin hyv\u00e4ksyttiin. Lis\u00e4ksi hallitus sai tili- ja vastuuvapauden viime vuoden tilien ja toiminnan osalta.<\/p>\n<p>Taloustilanne n\u00e4ytt\u00e4\u00e4 maaliskuuhun asti viel\u00e4 ylij\u00e4\u00e4m\u00e4\u00e4, mutta sill\u00e4 ei ole paljoakaan ennustearvoa. Koko vuoden tulos on hyvin ep\u00e4varma sek\u00e4 kulujen ett\u00e4 tulorahoituksen osalta.<\/p>\n<p>Henkil\u00f6st\u00f6n ty\u00f6tilanteesta Mika totesi, ett\u00e4 Tanelilla on seurakontakteja paljon, mik\u00e4 merkitsee runsaasti ohjelmaa edess\u00e4 oleviin aikoihin. Mattias oli Portugalissa ja on siksi nyt karanteenissa. Mikalla \u201ckoronahallinta\u201d teett\u00e4\u00e4 paljon ty\u00f6t\u00e4 esimerkiksi pelk\u00e4st\u00e4\u00e4n jo matkojen varaamisessa, sill\u00e4 koronatestien kanssa puljaaminen on ty\u00f6l\u00e4st\u00e4.<\/p>\n<p>Viel\u00e4 totesimme, ett\u00e4 seuraava P\u00f6yt\u00e4tennislehden juttujen dead line on 20.5. Lehdess\u00e4 olisi nyt tilaa ja juttuaiheita kaivataan! Liittohalllitus kokoontuu seuraavan kerran maanantaina 24. toukokuuta.<\/p>\n","protected":false},"excerpt":{"rendered":"<p>Liittohallitus kokoontui keskiviikkona ja edess\u00e4 olikin t\u00e4rke\u00e4 kokous: olimme luvanneet, ett\u00e4 nyt annamme tietoa siit\u00e4, kuinka kausi p\u00e4\u00e4tet\u00e4\u00e4n ja kuinka kes\u00e4n j\u00e4lkeen jatketaan. Alku otettiinkin t\u00e4st\u00e4. Kilpailuvaliokunta oli Teemu Oinaksen johdolla tehnyt mainiot pohjaty\u00f6t, joiden pohjalta hallitus p\u00e4\u00e4tti seuraavaa: &#8211; Sarjat keskeytet\u00e4\u00e4n ja tilanteet j\u00e4\u00e4dytet\u00e4\u00e4n. Nousua tai pudottautumista voi hakea viime vuoden tapaan sarjailmoittautumisien yhteydess\u00e4. &hellip; <a href=\"https:\/\/www.sptl.fi\/sptl_test\/?p=25838\" class=\"more-link\">Jatka lukemista <span class=\"screen-reader-text\">Tiedotusterveisi\u00e4 &#8211; aloitetaan valmistautuminen ensi kauteen!<\/span> <span class=\"meta-nav\">&rarr;<\/span><\/a><\/p>\n","protected":false},"author":11,"featured_media":0,"comment_status":"open","ping_status":"open","sticky":false,"template":"","format":"standard","meta":{"ngg_post_thumbnail":0,"footnotes":""},"categories":[1],"tags":[],"_links":{"self":[{"href":"https:\/\/www.sptl.fi\/sptl_test\/index.php?rest_route=\/wp\/v2\/posts\/25838"}],"collection":[{"href":"https:\/\/www.sptl.fi\/sptl_test\/index.php?rest_route=\/wp\/v2\/posts"}],"about":[{"href":"https:\/\/www.sptl.fi\/sptl_test\/index.php?rest_route=\/wp\/v2\/types\/post"}],"author":[{"embeddable":true,"href":"https:\/\/www.sptl.fi\/sptl_test\/index.php?rest_route=\/wp\/v2\/users\/11"}],"replies":[{"embeddable":true,"href":"https:\/\/www.sptl.fi\/sptl_test\/index.php?rest_route=%2Fwp%2Fv2%2Fcomments&post=25838"}],"version-history":[{"count":0,"href":"https:\/\/www.sptl.fi\/sptl_test\/index.php?rest_route=\/wp\/v2\/posts\/25838\/revisions"}],"wp:attachment":[{"href":"https:\/\/www.sptl.fi\/sptl_test\/index.php?rest_route=%2Fwp%2Fv2%2Fmedia&parent=25838"}],"wp:term":[{"taxonomy":"category","embeddable":true,"href":"https:\/\/www.sptl.fi\/sptl_test\/index.php?rest_route=%2Fwp%2Fv2%2Fcategories&post=25838"},{"taxonomy":"post_tag","embeddable":true,"href":"https:\/\/www.sptl.fi\/sptl_test\/index.php?rest_route=%2Fwp%2Fv2%2Ftags&post=25838"}],"curies":[{"name":"wp","href":"https:\/\/api.w.org\/{rel}","templated":true}]}}