{"id":26385,"date":"2021-07-17T14:59:54","date_gmt":"2021-07-17T11:59:54","guid":{"rendered":"https:\/\/www.sptl.fi\/sptl_test\/?p=26385"},"modified":"2021-07-20T09:33:30","modified_gmt":"2021-07-20T06:33:30","slug":"junioreiden-em-kaynnistyy-sunnuntaina-18-7","status":"publish","type":"post","link":"https:\/\/www.sptl.fi\/sptl_test\/?p=26385","title":{"rendered":"Junioreiden EM k\u00e4ynnistyy sunnuntaina 18.7."},"content":{"rendered":"<p><strong>Suomen juniorimaajoukkueen pelaajat p\u00e4\u00e4sev\u00e4t pitk\u00e4n yli 8 kuukauden kilpailutauon j\u00e4lkeen tositoimiin sunnuntaina, kun alle 19-vuotiaiden junioreiden EM-kilpailut k\u00e4ynnistyv\u00e4t Kroatian Varazdinissa. <\/strong><\/p>\n<p>Suomen pelaajat ovat p\u00e4\u00e4sseet harjoittelemaan kev\u00e4\u00e4n ja kes\u00e4n aikana kohtalaisesti erityisj\u00e4rjestelyin mutta j\u00e4\u00e4 n\u00e4ht\u00e4v\u00e4ksi kuinka pitk\u00e4 kilpailutauko vaikuttaa pelaajien suorituksiin.<\/p>\n<p>Kilpailuissa pelataan ensin junioreiden joukkuekilpailut ja sen j\u00e4lkeen junioreiden henkil\u00f6kohtaiset luokat. Parin p\u00e4iv\u00e4n tauon j\u00e4lkeen 27.7. kisoja jatketaan alle 15-vuotiaiden kadettien kisalla.<\/p>\n<p>Miesjunioreiden U19-joukkueen kisoissa muodostavat Arttu Pihkala (PT Espoo, s. 2002), Sam Khosravi (Kosken Kaiku, s. 2005) ja Aleksi R\u00e4s\u00e4nen (PT Espoo, s. 2005).<\/p>\n<p>Junioripoikien joukkuekilpailun alkulohkon vastustajat ovat Englanti ja Ukraina.<\/p>\n<p><img loading=\"lazy\" decoding=\"async\" class=\"alignnone size-full wp-image-26394\" src=\"https:\/\/www.sptl.fi\/sptl_test\/wp-content\/uploads\/JEM-pojat-1-scaled-e1626537033174.jpg\" alt=\"\" width=\"2560\" height=\"1907\" srcset=\"https:\/\/www.sptl.fi\/sptl_test\/wp-content\/uploads\/JEM-pojat-1-scaled-e1626537033174.jpg 2560w, https:\/\/www.sptl.fi\/sptl_test\/wp-content\/uploads\/JEM-pojat-1-scaled-e1626537033174-300x223.jpg 300w, https:\/\/www.sptl.fi\/sptl_test\/wp-content\/uploads\/JEM-pojat-1-scaled-e1626537033174-1024x763.jpg 1024w, https:\/\/www.sptl.fi\/sptl_test\/wp-content\/uploads\/JEM-pojat-1-scaled-e1626537033174-1536x1144.jpg 1536w, https:\/\/www.sptl.fi\/sptl_test\/wp-content\/uploads\/JEM-pojat-1-scaled-e1626537033174-2048x1526.jpg 2048w\" sizes=\"(max-width: 2560px) 100vw, 2560px\" \/><br \/>\nAleksi, Arttu ja Sam<\/p>\n<p>Naisjunioreiden U19-joukkueessa pelaavat Ramona Betz (DJK Sportbund Stuttgart sek\u00e4 Linnan Pingis, s. 2003), Aleksandra Titievskaja (PT Espoo, s. 2004) ja Anni Heljala (Porilaiset-83, s. 2002).<\/p>\n<p>Junioritytt\u00f6jen alkulohko muuttui juuri ennen kisojen alkua, samassa lohkossa ovat Belgia ja Latvia.<\/p>\n<p><img loading=\"lazy\" decoding=\"async\" class=\"alignnone size-full wp-image-26395\" src=\"https:\/\/www.sptl.fi\/sptl_test\/wp-content\/uploads\/Jem-tytot-scaled-e1626536934354.jpg\" alt=\"\" width=\"2560\" height=\"1913\" srcset=\"https:\/\/www.sptl.fi\/sptl_test\/wp-content\/uploads\/Jem-tytot-scaled-e1626536934354.jpg 2560w, https:\/\/www.sptl.fi\/sptl_test\/wp-content\/uploads\/Jem-tytot-scaled-e1626536934354-300x224.jpg 300w, https:\/\/www.sptl.fi\/sptl_test\/wp-content\/uploads\/Jem-tytot-scaled-e1626536934354-1024x765.jpg 1024w, https:\/\/www.sptl.fi\/sptl_test\/wp-content\/uploads\/Jem-tytot-scaled-e1626536934354-1536x1148.jpg 1536w, https:\/\/www.sptl.fi\/sptl_test\/wp-content\/uploads\/Jem-tytot-scaled-e1626536934354-2048x1530.jpg 2048w\" sizes=\"(max-width: 2560px) 100vw, 2560px\" \/><br \/>\nRamona, Aleksandra ja Anni<\/p>\n<p>Kadeteissa Suomella on mukana U15-poikien joukkue, jossa pelaavat Matias Vesalainen (Kosken Kaiku, s. 2006) ja Rasmus Vesalainen (Kosken Kaiku, s. 2006).<\/p>\n<p><a href=\"https:\/\/www.ettu.org\/en\/events\/european-youth-championships\/draws--amp--results\/\" target=\"_blank\" rel=\"noopener noreferrer\"><strong>Otteluohjelmat ja tulokset<\/strong><\/a> (Kroatiassa kello tunnin v\u00e4hemm\u00e4n kuin Suomessa)<\/p>\n<p><a href=\"https:\/\/www.ettu.tv\/en-int\/page\/european-youth-championships\" target=\"_blank\" rel=\"noopener noreferrer\"><strong>Livestream T1 ja T2<\/strong><\/a><\/p>\n<p>&nbsp;<\/p>\n","protected":false},"excerpt":{"rendered":"<p>Suomen juniorimaajoukkueen pelaajat p\u00e4\u00e4sev\u00e4t pitk\u00e4n yli 8 kuukauden kilpailutauon j\u00e4lkeen tositoimiin sunnuntaina, kun alle 19-vuotiaiden junioreiden EM-kilpailut k\u00e4ynnistyv\u00e4t Kroatian Varazdinissa. Suomen pelaajat ovat p\u00e4\u00e4sseet harjoittelemaan kev\u00e4\u00e4n ja kes\u00e4n aikana kohtalaisesti erityisj\u00e4rjestelyin mutta j\u00e4\u00e4 n\u00e4ht\u00e4v\u00e4ksi kuinka pitk\u00e4 kilpailutauko vaikuttaa pelaajien suorituksiin. Kilpailuissa pelataan ensin junioreiden joukkuekilpailut ja sen j\u00e4lkeen junioreiden henkil\u00f6kohtaiset luokat. Parin p\u00e4iv\u00e4n tauon j\u00e4lkeen &hellip; <a href=\"https:\/\/www.sptl.fi\/sptl_test\/?p=26385\" class=\"more-link\">Jatka lukemista <span class=\"screen-reader-text\">Junioreiden EM k\u00e4ynnistyy sunnuntaina 18.7.<\/span> <span class=\"meta-nav\">&rarr;<\/span><\/a><\/p>\n","protected":false},"author":7,"featured_media":0,"comment_status":"open","ping_status":"open","sticky":false,"template":"","format":"standard","meta":{"ngg_post_thumbnail":0,"footnotes":""},"categories":[14,1],"tags":[85],"_links":{"self":[{"href":"https:\/\/www.sptl.fi\/sptl_test\/index.php?rest_route=\/wp\/v2\/posts\/26385"}],"collection":[{"href":"https:\/\/www.sptl.fi\/sptl_test\/index.php?rest_route=\/wp\/v2\/posts"}],"about":[{"href":"https:\/\/www.sptl.fi\/sptl_test\/index.php?rest_route=\/wp\/v2\/types\/post"}],"author":[{"embeddable":true,"href":"https:\/\/www.sptl.fi\/sptl_test\/index.php?rest_route=\/wp\/v2\/users\/7"}],"replies":[{"embeddable":true,"href":"https:\/\/www.sptl.fi\/sptl_test\/index.php?rest_route=%2Fwp%2Fv2%2Fcomments&post=26385"}],"version-history":[{"count":0,"href":"https:\/\/www.sptl.fi\/sptl_test\/index.php?rest_route=\/wp\/v2\/posts\/26385\/revisions"}],"wp:attachment":[{"href":"https:\/\/www.sptl.fi\/sptl_test\/index.php?rest_route=%2Fwp%2Fv2%2Fmedia&parent=26385"}],"wp:term":[{"taxonomy":"category","embeddable":true,"href":"https:\/\/www.sptl.fi\/sptl_test\/index.php?rest_route=%2Fwp%2Fv2%2Fcategories&post=26385"},{"taxonomy":"post_tag","embeddable":true,"href":"https:\/\/www.sptl.fi\/sptl_test\/index.php?rest_route=%2Fwp%2Fv2%2Ftags&post=26385"}],"curies":[{"name":"wp","href":"https:\/\/api.w.org\/{rel}","templated":true}]}}