{"id":26760,"date":"2021-08-16T22:48:19","date_gmt":"2021-08-16T19:48:19","guid":{"rendered":"https:\/\/www.sptl.fi\/sptl_test\/?p=26760"},"modified":"2021-08-16T22:48:19","modified_gmt":"2021-08-16T19:48:19","slug":"tiedotusterveisia-43","status":"publish","type":"post","link":"https:\/\/www.sptl.fi\/sptl_test\/?p=26760","title":{"rendered":"Tiedotusterveisi\u00e4"},"content":{"rendered":"<p>Liittohallitus istui maanantaina syyskauden ensimm\u00e4isen kokouksensa, runsaat kaksi tuntia modernisti hybridimallilla. Edellisest\u00e4 olikin aikaa, sill\u00e4 se oli jo kev\u00e4\u00e4ll\u00e4. V\u00e4liss\u00e4 on ehtinyt tapahtua paljon, joten alku oli hyv\u00e4 ottaa valiokuntakatsauksista.<\/p>\n<p>Ty\u00f6valiokunnassa on tietenkin seurattu pandemia-asiaa. My\u00f6s valmennusasioista on puhuttu aika paljon, l\u00e4hinn\u00e4 my\u00f6hemmin esiin tulevan valmennuskoordinaattorin sek\u00e4 Ruskeasuon valmennusryhm\u00e4n osalta. Kansainv\u00e4liset asiat ovat nekin s\u00e4\u00e4nn\u00f6llisin v\u00e4liajoin eri tavoin esill\u00e4.<\/p>\n<p>Tero Naumi totesi seuravaliokunnan puolesta, ett\u00e4 loppukes\u00e4n aikana on j\u00e4rjestetty leirit sek\u00e4 Oulussa ett\u00e4 Koskella. Syksylle on suunnitteilla seurap\u00e4iv\u00e4. Lis\u00e4ksi maan p\u00f6yt\u00e4tennisseurojen esittely on k\u00e4ynnistynyt liiton kotisivuilla ja sosiaalisessa mediassa. Kentt\u00e4p\u00e4\u00e4llikk\u00f6 Taneli Keinosen seurak\u00e4ynnit alkavat t\u00e4ll\u00e4 viikolla pohjoisemmasta Suomesta.<\/p>\n<p>S\u00e4\u00e4nt\u00f6- ja tuomarivaliokunnan puheenjohtaja Kimmo Arenius puolestaan totesi, ett\u00e4 kev\u00e4\u00e4n liittokokouksessa p\u00e4\u00e4tetyt s\u00e4\u00e4nt\u00f6muutokset julkaistaan \u201ds\u00e4\u00e4nt\u00f6kirjadokumentissa\u201d t\u00e4ll\u00e4 viikolla. Joonas Kivim\u00e4ki ja Asko Rasinen ovat tuomaroineet kansainv\u00e4lisill\u00e4 kentill\u00e4 ahkerasti ja n\u00e4ytt\u00e4v\u00e4sti.<\/p>\n<p>Paravaliokunnan Hannu Sihvo raportoi, ett\u00e4 parapelaajat ovat leireilleet Pajulahdessa, kun valmistautuminen Tokioon on ollut menossa. Aino Tapolan l\u00e4ht\u00f6 on keskiviikkona ja ensimm\u00e4iset pelit viikon p\u00e4\u00e4st\u00e4 keskiviikkona. YLE n\u00e4ytt\u00e4\u00e4 ne.<\/p>\n<p>Jyrki Nummenmaa sanoi, ett\u00e4 Veteraani SM:n kisakutsu on her\u00e4tt\u00e4nyt huomiota. Kisa kaipaa \u201dvakiinnuttamista\u201d esimerkiksi sekanelinpelin pelaamisen suhteen ja sit\u00e4 varten aiotaan kysell\u00e4 veteraanipelaajien mielipiteit\u00e4.<\/p>\n<p>Huippu-urheiluvaliokunnan asioissa Mika R\u00e4s\u00e4nen kertoi, ett\u00e4 JEM pelattiin Kroatiassa loppukes\u00e4st\u00e4 tiukkojen rajoitusten alla. Kisat sujuivat kohtalaisesti, mutta pitk\u00e4 kisatauko n\u00e4kyi (pojat sijalla 23., tyt\u00f6t 27., kadettipojat 33.). Kansainv\u00e4liset pelit tulivat tarpeeseen! Juniorit ja Aino Tapola ovat treenanneet Ruskeasuolla koko kes\u00e4n. Kansainv\u00e4lisiss\u00e4 kisoissa koronatestej\u00e4 tehd\u00e4\u00e4n edelleen paljon ainakin syksyn ajan. Viikonlopulla on naisten Superweek Halmstadissa, jossa meilt\u00e4 ovat mukana Anna Kirichenko, Aleksandra Titievskaja ja Ramona Betz. Sama kolmikko l\u00e4htee Ruotsista suoraan Serbiaan EM-karsintaan. Marraskuun MM-kisoihin Houstonissa p\u00e4\u00e4see suomalaisista vain Benedek Ol\u00e1h.<\/p>\n<p>IT-valiokunnan Kimmo Pihkalan kes\u00e4\u00e4n kuului pieni\u00e4 yll\u00e4pitohommia, ja nyt kausi on vaihdettu ja lisenssien itsemaksaminen on nyt mahdollista. Jyrki Nummenmaa kertoi, ett\u00e4 henkil\u00f6kohtaiset SM-kisat Tampereella aiotaan vet\u00e4\u00e4 PT Welholla. T\u00e4m\u00e4n kauden aikana kaikkien pit\u00e4isi pysty\u00e4 vet\u00e4m\u00e4\u00e4n sill\u00e4 kisoja, Jyrki lupasi.<\/p>\n<p>Valmennusvaliokunnassa on ollut kes\u00e4ll\u00e4 rauhallista, l\u00e4hinn\u00e4 Slack-keskusteluja, sanoi Mika R\u00e4s\u00e4nen. On selv\u00e4\u00e4, ett\u00e4 kev\u00e4\u00e4n suosittuja et\u00e4valmennusiltoja tulee jatkaa.<\/p>\n<p>Teemu Oinas selvitti kilpailuvaliokunnan puolesta, ett\u00e4 kuluvan kauden kalenteri on valmisteltu, mutta kev\u00e4\u00e4n osuus puuttuu liiton sivuilta viel\u00e4. SM-kilpailujen j\u00e4rjest\u00e4j\u00e4t on julkaistu ja n\u00e4iss\u00e4 kisoissa tuomaritoiminnan tasoon tullaan kiinnitt\u00e4m\u00e4\u00e4n huomiota. My\u00f6s sarjaohjelmat on p\u00e4\u00e4osin julkaistu. Kolmosdivarissa Veikko Lamminsalo luopui sarjap\u00e4\u00e4llik\u00f6n teht\u00e4vist\u00e4 ja sai seuraajakseen Juha Julmalan. Kiitokset Veikolle monen vuoden hyvin hoidetusta pestist\u00e4!<\/p>\n<p>Kansainv\u00e4lisiss\u00e4 asioissa Sonja Grefbergill\u00e4 ei ollut paljon uutta kerrottavaa: ITTF:n tulevissa vaaleissa ehdokkaat nimett\u00e4v\u00e4 26.8 menness\u00e4. ITTF:ss\u00e4 kaikki operatiivinen toiminta on nyt Steve Daintonin alla, my\u00f6s WTT.<\/p>\n<p>Seuraavaksi puhuttiin hartaasti koronatilanteesta ja syksyn kisoista ja sarjapeleist\u00e4.<br \/>\nSM-sarjan lopputurnaus on lauantaina ja kentt\u00e4p\u00e4\u00e4llikk\u00f6 ollut yhteydess\u00e4 AVI:in. Lopputurnaus voidaan j\u00e4rjest\u00e4\u00e4 \u201dsuljetuin ovin\u201d ja ohjeistuksen\/suunnitelman koronan suhteen on oltava kunnossa &#8211; joukkueilla on esimerkiksi omat paikkansa ja maskien k\u00e4ytt\u00f6 pelaamisen ulkopuolella on toimintatapana. Paikalla ovat vain pelaajat ja toimitsijat, mutta striimi pyrit\u00e4\u00e4n j\u00e4rjest\u00e4m\u00e4\u00e4n. Alustavasti mukana ovat kaikki kahdeksan joukkuetta. Espoo ja TIP-70 hoitavat tuomareita ja kisaj\u00e4rjest\u00e4ji\u00e4.<\/p>\n<p>Syyskuinen Veteraani-SM on astetta hankalampi tapaus, sill\u00e4 AVI:n ohjeiden puitteissa nykymuotoista kisaa on hankala j\u00e4rjest\u00e4\u00e4. Suorasta peruuttamisestakin keskusteltiin (seuraavat ovat jo tammikuussa!), mutta lopulta Wega sai (halutessaan) t\u00e4m\u00e4n viikon aikaa mahdollisen suunnitelman esitt\u00e4miseen, luokkarajoituksineen ja terveyssuunnitelmineen. Hallitus k\u00e4sittelee asian pikaisesti sen j\u00e4lkeen. Muilta osin kausi alkaa normaalisti ja noudatamme kullakin alueella voimassa olevia viranomaism\u00e4\u00e4r\u00e4yksi\u00e4.<\/p>\n<p>Seuraavaksi esittelyyn ja k\u00e4sittelyyn tuli Johanna Sch\u00fcpbachin (ex-Kaimio) rekrytointi. P\u00e4\u00e4t\u00f6kseksi tuli, ett\u00e4 h\u00e4n aloittaa SPTL:ss\u00e4: syyskuun alusta kuluvan kauden loppuun \u201dfirmasopimuksella\u201d (kyseess\u00e4 ei siis varsinaisesti ole ty\u00f6suhde) osa-aikaisena kaksi p\u00e4iv\u00e4\u00e4 viikossa. Kyseess\u00e4 on aikanaan Gumbostrandin strategiakokouksessa valmisteltu valmennuskoordinaattorin homma, jossa ainakin valmennuksen suunnitteluun ja viestint\u00e4\u00e4n kiinnitet\u00e4\u00e4n paljon huomiota. Ty\u00f6valiokunta valtuutettiin sopimaan asia Johannan kanssa yksityiskohtaisesti. Tervetuloa Johanna! Asiasta lis\u00e4\u00e4 ainakin seuraavassa lehdess\u00e4, todenn\u00e4k\u00f6isesti liiton sivuillakin jo l\u00e4hiaikoina.<\/p>\n<p>Taloustilanne on p\u00e4ivitt\u00e4m\u00e4tt\u00e4 kes\u00e4n ajalta. Selv\u00e4\u00e4 kuitenkin on, ett\u00e4 kansainv\u00e4linen toiminta on tuonut paljon kuluja ja lis\u00e4\u00e4 on tulossa. Teemme aika todenn\u00e4k\u00f6isesti miinusvuoden. Lopullinen tulos riippuu paljon Parakisan ja Finlandia Openin onnistumisesta.<\/p>\n<p>Viikonlopun Halmstadin NETU-kokouksessa j\u00e4rjest\u00f6lle valitaan uusi puheenjohtaja vet\u00e4ytyneen tanskalaisen Peter Sundbaekin tilalle. Samalla puhutaan NETU-mestaruuskisoista ja ruotsalaiset j\u00e4rjest\u00e4v\u00e4t my\u00f6s konferenssin naisten p\u00f6yt\u00e4tenniksest\u00e4 Pohjois-Euroopassa.<\/p>\n<p>ETTU:n vuosikokouksessta Cluj-Napocassa on esill\u00e4 l\u00e4hinn\u00e4 ETTU:n s\u00e4\u00e4nt\u00f6asioita sek\u00e4 \u201dEuroopan taktiikkaa\u201d Houstonin marraskuisten MM-kisojen yhteydess\u00e4 j\u00e4rjestett\u00e4viss\u00e4 ITTF:n puheenjohtaja- ja hallitusvaaleissa. N\u00e4iss\u00e4 Suomea edustanee allekirjoittanut, varmuudella ainakin Halmstadissa. My\u00f6s naisten valmentaja Johanna yritt\u00e4\u00e4 osallistua NETU:n konferenssiin mink\u00e4 peleilt\u00e4 ehtii.<\/p>\n<p>Syksyll\u00e4 Romaniassa on tarjolla eurooppalaista valmentajakoulutusta EM-kisan j\u00e4lkeen. Suomi harkitsee osanottajia t\u00e4h\u00e4n sek\u00e4 naisten valmennusseminaariin Bratislavassa marraskuussa.<\/p>\n<p>Parakisaa varten olemme saaneet OKM:lt\u00e4 20 000 euron tuen ja Finlandia Openiin vastaavasti 10 000 euroa. Parakisa on lokakuussa Pajulahdessa ja kiire tulee, sill\u00e4 ITTF:n kanssa asiaa on ollut hankala valmistella. My\u00f6s Urheiluopistos\u00e4\u00e4ti\u00f6 my\u00f6nsi parakisalle 7 000 \u20ac tuen. Kuluja tulee paljon mm. koronatestauksista. Joulukuiseen Finlandia Openiin olisi \u201dennakkohuhujen\u201d mukaan pelaajia tulossa hyvinkin, jos se vain pystyt\u00e4\u00e4n j\u00e4rjest\u00e4m\u00e4\u00e4n.<\/p>\n<p>P\u00f6yt\u00e4tennislehti 3\/21 ilmestyy syksyll\u00e4 ja aiheena on ainakin paljon kansainv\u00e4lisi\u00e4 kilpailuja. Juttujen dead line on syyskuun 13. p\u00e4iv\u00e4.<\/p>\n<p>Muissa asioissa totesimme, ett\u00e4 irtomaton hankintaa selvitell\u00e4\u00e4n edelleen, hinta lienee 10-15\u00a0000 \u20ac. Seuraavassa hallituksen kokouksessa m\u00e4\u00e4r\u00e4t\u00e4\u00e4n syysliittokokouksen ajankohta.<\/p>\n<p>Kimmo Arenius toi viel\u00e4 keskusteluun pari kent\u00e4n s\u00e4\u00e4nt\u00f6kysymyst\u00e4: ensinn\u00e4kin kertalisenssimahdollisuutta ei en\u00e4\u00e4 ole. Toiseksi vanhasta seurasta voi vapautua ilman, ett\u00e4 uusi seura on tiedossa. Silloin saa \u201dvillin\u00e4\u201d osallistua SM-kisaan, mutta lisenssi pit\u00e4\u00e4 lunastaa silti. Jos haluaa pelata sarjoissa, uuden seuran on oltava tiedossa 31.8 menness\u00e4.<\/p>\n<p>Viel\u00e4 totesimme, ett\u00e4 kaikki voivat lunastaa kuluvan kauden lisenssit t\u00e4ysihintaisina, mutta liittokokouksen p\u00e4\u00e4t\u00f6ksen mukaisesti mukaan tulee my\u00f6s \u201dalennusvaihtoehto\u201d niille, joilla on viime kaudella ollut lisenssi. Ohjeistusta on tulossa siit\u00e4kin.<\/p>\n<p>Liittohallitus kokoontuu seuraavan kerran 13. syyskuuta. Esill\u00e4 ovat ainakin valiokuntien budjetit ja toimintasuunnitelmat, tietenkin my\u00f6s kansainv\u00e4liset kisamme.<\/p>\n","protected":false},"excerpt":{"rendered":"<p>Liittohallitus istui maanantaina syyskauden ensimm\u00e4isen kokouksensa, runsaat kaksi tuntia modernisti hybridimallilla. Edellisest\u00e4 olikin aikaa, sill\u00e4 se oli jo kev\u00e4\u00e4ll\u00e4. V\u00e4liss\u00e4 on ehtinyt tapahtua paljon, joten alku oli hyv\u00e4 ottaa valiokuntakatsauksista. Ty\u00f6valiokunnassa on tietenkin seurattu pandemia-asiaa. My\u00f6s valmennusasioista on puhuttu aika paljon, l\u00e4hinn\u00e4 my\u00f6hemmin esiin tulevan valmennuskoordinaattorin sek\u00e4 Ruskeasuon valmennusryhm\u00e4n osalta. Kansainv\u00e4liset asiat ovat nekin s\u00e4\u00e4nn\u00f6llisin &hellip; <a href=\"https:\/\/www.sptl.fi\/sptl_test\/?p=26760\" class=\"more-link\">Jatka lukemista <span class=\"screen-reader-text\">Tiedotusterveisi\u00e4<\/span> <span class=\"meta-nav\">&rarr;<\/span><\/a><\/p>\n","protected":false},"author":11,"featured_media":0,"comment_status":"open","ping_status":"open","sticky":false,"template":"","format":"standard","meta":{"ngg_post_thumbnail":0,"footnotes":""},"categories":[1],"tags":[],"_links":{"self":[{"href":"https:\/\/www.sptl.fi\/sptl_test\/index.php?rest_route=\/wp\/v2\/posts\/26760"}],"collection":[{"href":"https:\/\/www.sptl.fi\/sptl_test\/index.php?rest_route=\/wp\/v2\/posts"}],"about":[{"href":"https:\/\/www.sptl.fi\/sptl_test\/index.php?rest_route=\/wp\/v2\/types\/post"}],"author":[{"embeddable":true,"href":"https:\/\/www.sptl.fi\/sptl_test\/index.php?rest_route=\/wp\/v2\/users\/11"}],"replies":[{"embeddable":true,"href":"https:\/\/www.sptl.fi\/sptl_test\/index.php?rest_route=%2Fwp%2Fv2%2Fcomments&post=26760"}],"version-history":[{"count":0,"href":"https:\/\/www.sptl.fi\/sptl_test\/index.php?rest_route=\/wp\/v2\/posts\/26760\/revisions"}],"wp:attachment":[{"href":"https:\/\/www.sptl.fi\/sptl_test\/index.php?rest_route=%2Fwp%2Fv2%2Fmedia&parent=26760"}],"wp:term":[{"taxonomy":"category","embeddable":true,"href":"https:\/\/www.sptl.fi\/sptl_test\/index.php?rest_route=%2Fwp%2Fv2%2Fcategories&post=26760"},{"taxonomy":"post_tag","embeddable":true,"href":"https:\/\/www.sptl.fi\/sptl_test\/index.php?rest_route=%2Fwp%2Fv2%2Ftags&post=26760"}],"curies":[{"name":"wp","href":"https:\/\/api.w.org\/{rel}","templated":true}]}}