{"id":28102,"date":"2021-10-02T17:15:29","date_gmt":"2021-10-02T14:15:29","guid":{"rendered":"https:\/\/www.sptl.fi\/sptl_test\/?p=28102"},"modified":"2021-10-02T17:15:29","modified_gmt":"2021-10-02T14:15:29","slug":"tiedotusterveisia-kansainvalisia-kokouksia","status":"publish","type":"post","link":"https:\/\/www.sptl.fi\/sptl_test\/?p=28102","title":{"rendered":"Tiedotusterveisi\u00e4 &#8211; kansainv\u00e4lisi\u00e4 kokouksia"},"content":{"rendered":"<p>EM-kisojen yhteydess\u00e4 on tavan mukaan k\u00e4yty kansainv\u00e4lisi\u00e4 kokouksia. Ensimm\u00e4inen oli perjantaina, kun tanskalainen Betina Koefoed avasi Pohjois-Euroopan p\u00f6yt\u00e4tennisunionin eli NETU:n kokouksen j\u00e4rjest\u00f6n tuoreena puheenjohtajana. Paikalla olivat Suomen (allekirjoittanut ja Sonja Grefberg) ja Tanskan lis\u00e4ksi lis\u00e4ksi Norja, Ruotsi, Latvia, Liettua ja Viro. Lis\u00e4ksi Islannin edustaja osallistui kokoukseen \u201clinjoilla\u201d. Huomattavaa, ett\u00e4 kaksi j\u00e4rjest\u00f6n aikaisempaa puheenjohtajaa, norjalainen Oivind Eriksen ja tanskalainen Arne Madsen, olivat mukana kokouksessa.<\/p>\n<p>Avauksessaan Kofoed onnitteli Ruotsin Petra S\u00f6rlingi\u00e4 siit\u00e4, ett\u00e4 t\u00e4m\u00e4n valinta kansainv\u00e4lisen p\u00f6yt\u00e4tennisliiton ITTF:n puheenjohtajaksi on en\u00e4\u00e4 muodollista sinetti\u00e4 vailla. NETU:sta tanskalainen haluaisi kuulemma tehd\u00e4 aktiivisemman toimijan.<\/p>\n<p>Seuraavaksi keskusteltiin NETU:n \u201cperustuslaista\u201d eli s\u00e4\u00e4nn\u00f6ist\u00e4. Totesimme, ett\u00e4 jatkossa NETU-kisoja koskevat osuudet ovat vain liitteen\u00e4, jolloin niit\u00e4 on helpompi p\u00e4ivitt\u00e4\u00e4.\u00a0 Uutena asiana otettiin (taas) k\u00e4ytt\u00f6\u00f6n vuosittainen j\u00e4senmaksu (350 \u20ac) sek\u00e4 lis\u00e4ksi NETU:n veteraanikisojen tuotosta 5 \u20ac per veteraanipelaaja, kun kisat taas j\u00e4rjestet\u00e4\u00e4n. Tili\u00e4 hallinnoivat tanskalaiset.<\/p>\n<p>Ruotsin liiton p\u00e4\u00e4sihteeri Thomas Buza oli rakentanut excelin, johon tulevat NETU-kisojen (juniorit, seniorit ja veteraanit, my\u00f6s mahdollien para sek\u00e4 NETU Superweek) paikka, ajankohta ja hakuprosessi sek\u00e4 pelaajien, y\u00f6pymisien, p\u00f6ytien ja tuomareiden m\u00e4\u00e4r\u00e4. T\u00e4m\u00e4 laitetaan dropboxiin tms., jonka ruotsalaiset lupasivat toteuttaa.<\/p>\n<p>Elokuista Superweeki\u00e4kin arvioitiin ja hyvksi todettiin. Seh\u00e4n oli onnistunut tapahtuma my\u00f6s suomalaisosanottajien mielest\u00e4. Konferenssiinkin oltiin tyytyv\u00e4isi\u00e4, mutta muutamien maiden mielest\u00e4 tapahtuma oli turhan kallis.<\/p>\n<p>Naispelaajien pienest\u00e4 m\u00e4\u00e4r\u00e4st\u00e4 ollaan kaikkialla huolestuneita ja niinp\u00e4 samanlaista Superweeki\u00e4 voisi j\u00e4rjest\u00e4\u00e4 vuorotellen vaikka joka maassa. Ruotsi haluaisi 2025 j\u00e4rjest\u00e4\u00e4 sekajoukkueiden MM-kisat ja on tehnyt siit\u00e4 ehdotuksen ITTF:lle. Jatkossa ne pelattaisiin joka toinen vuosi senioreiden MM-kisojen v\u00e4livuosina.<\/p>\n<p>Keskustelua k\u00e4ytiin my\u00f6s siit\u00e4, kuinka NETU-maat \u00e4\u00e4nest\u00e4v\u00e4t ETTU:n kokouksessa siit\u00e4, onko maanosaliittojen pomoilla mahdollisuus istua my\u00f6s ITTF:n korkeimmassa johdossa. Euroopassa tilanne ei v\u00e4ltt\u00e4m\u00e4tt\u00e4 edes realisoidu, mutta silti ehdotusta p\u00e4\u00e4tettiin kannattaa. Ainakin Aasian edustajan tiedettiin asettuvan ehdolle, Nyth\u00e4n t\u00e4llainen ei eurooppalaisille ole mahdollista.<\/p>\n<p>T\u00e4t\u00e4 asiaa hiukan korvaamaan ruotsalaiset ehdottavat ITTF:lle jokaisen maanosan presidenttien \u201cadvisor boardia\u201d. Siit\u00e4 \u00e4\u00e4nestet\u00e4\u00e4n marraskuussa Houstonin kokouksessa, jossa siis S\u00f6rlingist\u00e4 tulee ITTF:n uusi puheenjohtaja. Sen my\u00f6t\u00e4 Ruotsi saa kansalliseen liittoonsa uuden puheenjohtajan, joka muuten lienee Dennis Lindahl. ITTF:n hallituspaikoista (9) tulee kova kisa, sill\u00e4 kandidaatteja on pitk\u00e4lle toista kymment\u00e4.<\/p>\n<p>Viel\u00e4 todettiin, ett\u00e4 tanskalaiset ker\u00e4\u00e4v\u00e4t kaikista NETU-maista tietoja seurojen ja pelaajien m\u00e4\u00e4r\u00e4st\u00e4 (naiset, miehet, nais- ja miesjuniorit). Latvialaiset puolestaan kysyiv\u00e4t, haluavatko NETU-maat ensi kes\u00e4n\u00e4 my\u00f6s harjoitusleirin senioreiden NETU-kisan yhteyteen. Itse ajattelen, ett\u00e4 tuo voisi olla suomalaisille hyv\u00e4 mahdollisuus.<\/p>\n<p>EUROOPAN P\u00d6YT\u00c4TENNISUNIONI<\/p>\n<p>Lauantaina jatkettiin Euroopan P\u00f6yt\u00e4tennisunionin eli ETTU:n vuosikokouksella. Ven\u00e4l\u00e4inen presidentti Igor Levitin onnitteli h\u00e4nkin Petraa todeten kuitenkin samalla, ett\u00e4 haasteita piisaa, esimerkiksi kansainv\u00e4lisen arvolistan ja kilpailutoiminnan suhteen. H\u00e4n my\u00f6s totesi, ett\u00e4 korona-ajat ovat olleet vaikeita ja kiitteli omaa \u201challitusjoukkuettaan\u201d, johon siis Sonjakin kuuluu. Petra piti tietenkin kiitospuheen ja muistutti, ett\u00e4 Houstonissa sitten vasta valinta virallisesti tehd\u00e4\u00e4n.<\/p>\n<p>Vuosikokouksen puheenjohtajaksi valittiin (vain ven\u00e4j\u00e4\u00e4 puhuva) Levitin ja kokousrutiinit meniv\u00e4t l\u00e4pi vauhdilla. Paikalla oli 32 maata ja sen lis\u00e4ksi kymmenen valtakirjaa. 58 j\u00e4senmaasta puuttui siis 17. NETU:nkin kokouksessa puhuttanut viime hetken s\u00e4\u00e4nt\u00f6muutosesitys (jossa siis ETTU:n pomot voisivat nyt istua my\u00f6s ITTF:n johdossa) meni l\u00e4pi yksimielisesti, vaikka ennen kokousta siit\u00e4 oli paljon puhetta.<\/p>\n<p><img loading=\"lazy\" decoding=\"async\" class=\"alignnone size-medium wp-image-28101\" src=\"https:\/\/www.sptl.fi\/sptl_test\/wp-content\/uploads\/IMG_3149-300x225.jpg\" alt=\"\" width=\"300\" height=\"225\" srcset=\"https:\/\/www.sptl.fi\/sptl_test\/wp-content\/uploads\/IMG_3149-300x225.jpg 300w, https:\/\/www.sptl.fi\/sptl_test\/wp-content\/uploads\/IMG_3149.jpg 640w\" sizes=\"(max-width: 300px) 100vw, 300px\" \/><\/p>\n<p>Edellisen kokouksen p\u00f6yt\u00e4kirjaan ja hallituksen j\u00e4senten ja komiteapuheenjohtajien raportteihin ei tuhlattu aikaa oikein minuuttiakaan. J\u00e4rjest\u00f6n uusi taloudesta vastaava varapuheenjohtaja Sandra Deaton (Englannin liiton puheenjohtaja) esitteli vuoden 2020 taloustuloksen toteamalla, ett\u00e4 vuosi oli koronan vuoksi surullinen: kilpailuja peruttiin ja kun rahaa ei tullut oikein mist\u00e4\u00e4n, tulos n\u00e4ytti miinusta melkein 238 000 \u20ac. Se kuitenkin hyv\u00e4ksyttiin ja vastuuvapaudet my\u00f6nnettiin. Tilintarkastajien lausuntoa ihmeteltiin noin viisi sekuntia.<\/p>\n<p>Sitten k\u00e4siteltiin erilaisia s\u00e4\u00e4nt\u00f6muutosehdotuksia. Ensimm\u00e4iseksi j\u00e4rjest\u00f6lle lis\u00e4ttiin uusi l\u00e4\u00e4ketieteellinen ja liikuntatieteellinen komitea. Sen j\u00e4lkeen todettiin, ett\u00e4 jatkossa Euroopan U21-kisojen nelj\u00e4 parasta saa suoraan paikan henkil\u00f6kohtaisiin (aikuisten) EM-kisoihin. N\u00e4iss\u00e4 on muuten jatkossa rahapalkinnot. Teknisen\u00e4 asiana todettiin, ett\u00e4 junioreiden EM-kisoissa entiset juniorit ja kadetit ovat vastedes U19 ja U15.<\/p>\n<p>EM-joukkuekisan karsintaan hyv\u00e4ksyttiin uusia k\u00e4yt\u00e4nt\u00f6j\u00e4, jotka varmaan el\u00e4v\u00e4t jatkossakin tilanteen mukaan. ETTU:n kalenterissa on edelleen \u201coma aikaikkuna\u201d kansalliselle mestaruuskilpailuille. J\u00e4rjest\u00f6n vuosittaiseksi j\u00e4senmaksuksi vahvistettiin edelleen 350 \u20ac.<\/p>\n<p>Vuoden 2022 budjettikeskustelussa todettiin, ett\u00e4 edelleen elet\u00e4\u00e4n ep\u00e4varmuuden aikaa. Budjetti n\u00e4ytti 4 000 \u20ac plussaa. Se oli rakennettu kokonaan uudelle pohjalle, joten vertaaminen vanhaan oli mahdotonta. Suullisissa puheissa ETTU odottaa paljon sponsorituloja sek\u00e4 ITTF:n tukea. Jotenkin j\u00e4i v\u00e4h\u00e4n sellainen tunne, ett\u00e4 puheenjohtaja j\u00e4rjest\u00e4\u00e4 sponsorirahaa \u201caina tarvittaessa\u201d. ETTU:n sopimuksen Sportradarin kanssa Levitin kyseenalaisti oikein\u00a0 kunnolla, kun n\u00e4m\u00e4 eiv\u00e4t kuulemma maksa sovittuja summia.<\/p>\n<p>ETTU valitsi my\u00f6s uusia kunniaj\u00e4seni\u00e4. He ovat \u201cyll\u00e4tt\u00e4en\u201d j\u00e4rjest\u00f6n edellinen puheenjohtaja Ronald Kramer, varapuheenjohtaja Ivo-Goran Muniravna sek\u00e4 taloudesta vastaava varapuheenjohtaja Dorte Darfelt.<\/p>\n<p>Sitten jaettiin ETTU:n kunniamerkkej\u00e4. Ne saivat Tsekin monitoimimies Nikolas Endal, Luxemburgin tuomariasioissa ja v\u00e4linearvioinneissa kunnostautunut Paul Schiltz, Donicin nykyomistaja Frank Schreiner sek\u00e4 monen suomalaisen hyvin tuntema Marta Novotna. Tsekkivalmentaja teki aikanaan paljon yhteisty\u00f6t\u00e4 TUL:n kanssa ja muistelee l\u00e4mm\u00f6ll\u00e4 varsinkin Kuusiniemen Karia, Lamp\u00e9nin Annea ja Valastin Millaa.<\/p>\n<p>Vuoden 2022 EM-kisa on \u201cmonilajikisa\u201d M\u00fcncheniss\u00e4 11.-21. elokuuta. Siit\u00e4 tulee Saksan suurin urheilutapahtuma sitten vuoden 1972 olympiakisojen. Mukana on yhdeks\u00e4n eri lajia ja p\u00f6yt\u00e4tenniksess\u00e4 pelataan henkil\u00f6kohtaisissa luokissa. Mikstin finaali on 15.8. Jokohan siit\u00e4 irtoaisi Benedekille se kaivattu EM-mitali? Samassa yhteydess\u00e4 on my\u00f6s ETTU:n seuraava vuosikokous.<\/p>\n<p>Muissa asioissa Sveitsin Georg Silversmith ihmetteli Kreikan tuoretta Euroopan TOP16-systeemi\u00e4, jossa pelattiin paras seitsem\u00e4st\u00e4, vaikka piti olla paras viidest\u00e4. Lis\u00e4ksi hallitseva mestari Patrick Franziska ei p\u00e4\u00e4se mukaan seuraavaan kisaan Sveitsiin, jos Saksan parhaat Boll ja Ovtcharov tulevat mukaan. \u00a0ETTU:n hallitus lupasi pohtia n\u00e4it\u00e4 ja selitti, ett\u00e4 kun kisa en\u00e4\u00e4 ei ole maailmacupkarsinta, pelimuodolla ei ollut niin v\u00e4li\u00e4.<\/p>\n<p>Aivan lopuksi hollantilainen Igor Heller esitteli ajatusta uudesta Euroopan rankingista. Maailman ranking ei toimi kuin korkeintaan vain maanosan parhaille pelaajille. Se ei tunne esim. seurojen eurocupeja ollenkaan. Omaa arvolistaa tarvittaisiin mm. sijoittamiseen eurooppalaisissa kisoissa ja tavoitteena on seniorilista, joka sis\u00e4lt\u00e4\u00e4 my\u00f6s U21-sarjan. Se huomioisi pelit my\u00f6s muiden maanosan pelaajia vastaan, vaikka n\u00e4m\u00e4 eiv\u00e4t itse listalle p\u00e4\u00e4sek\u00e4\u00e4n. Listasijoitukseen vaikuttaisi viisi parasta eurooppalaista tulosta sek\u00e4 maailmanranking. Ensimm\u00e4inen julkaistaan\u00a0 tammikuussa 2022. Se olisi suomalaisille positiivinen asia!<\/p>\n<p>Yhteens\u00e4 kolme tuntia kokoustettiin. Sitten kiitettiin romanialaisia. Ja kielt\u00e4m\u00e4tt\u00e4 he aika prameat kokousolosuhteet j\u00e4rjestiv\u00e4tkin!<\/p>\n","protected":false},"excerpt":{"rendered":"<p>EM-kisojen yhteydess\u00e4 on tavan mukaan k\u00e4yty kansainv\u00e4lisi\u00e4 kokouksia. Ensimm\u00e4inen oli perjantaina, kun tanskalainen Betina Koefoed avasi Pohjois-Euroopan p\u00f6yt\u00e4tennisunionin eli NETU:n kokouksen j\u00e4rjest\u00f6n tuoreena puheenjohtajana. Paikalla olivat Suomen (allekirjoittanut ja Sonja Grefberg) ja Tanskan lis\u00e4ksi lis\u00e4ksi Norja, Ruotsi, Latvia, Liettua ja Viro. Lis\u00e4ksi Islannin edustaja osallistui kokoukseen \u201clinjoilla\u201d. Huomattavaa, ett\u00e4 kaksi j\u00e4rjest\u00f6n aikaisempaa puheenjohtajaa, norjalainen Oivind &hellip; <a href=\"https:\/\/www.sptl.fi\/sptl_test\/?p=28102\" class=\"more-link\">Jatka lukemista <span class=\"screen-reader-text\">Tiedotusterveisi\u00e4 &#8211; kansainv\u00e4lisi\u00e4 kokouksia<\/span> <span class=\"meta-nav\">&rarr;<\/span><\/a><\/p>\n","protected":false},"author":11,"featured_media":0,"comment_status":"open","ping_status":"open","sticky":false,"template":"","format":"standard","meta":{"ngg_post_thumbnail":0,"footnotes":""},"categories":[1],"tags":[],"_links":{"self":[{"href":"https:\/\/www.sptl.fi\/sptl_test\/index.php?rest_route=\/wp\/v2\/posts\/28102"}],"collection":[{"href":"https:\/\/www.sptl.fi\/sptl_test\/index.php?rest_route=\/wp\/v2\/posts"}],"about":[{"href":"https:\/\/www.sptl.fi\/sptl_test\/index.php?rest_route=\/wp\/v2\/types\/post"}],"author":[{"embeddable":true,"href":"https:\/\/www.sptl.fi\/sptl_test\/index.php?rest_route=\/wp\/v2\/users\/11"}],"replies":[{"embeddable":true,"href":"https:\/\/www.sptl.fi\/sptl_test\/index.php?rest_route=%2Fwp%2Fv2%2Fcomments&post=28102"}],"version-history":[{"count":0,"href":"https:\/\/www.sptl.fi\/sptl_test\/index.php?rest_route=\/wp\/v2\/posts\/28102\/revisions"}],"wp:attachment":[{"href":"https:\/\/www.sptl.fi\/sptl_test\/index.php?rest_route=%2Fwp%2Fv2%2Fmedia&parent=28102"}],"wp:term":[{"taxonomy":"category","embeddable":true,"href":"https:\/\/www.sptl.fi\/sptl_test\/index.php?rest_route=%2Fwp%2Fv2%2Fcategories&post=28102"},{"taxonomy":"post_tag","embeddable":true,"href":"https:\/\/www.sptl.fi\/sptl_test\/index.php?rest_route=%2Fwp%2Fv2%2Ftags&post=28102"}],"curies":[{"name":"wp","href":"https:\/\/api.w.org\/{rel}","templated":true}]}}