{"id":30314,"date":"2022-01-07T13:39:09","date_gmt":"2022-01-07T11:39:09","guid":{"rendered":"https:\/\/www.sptl.fi\/sptl_test\/?p=30314"},"modified":"2022-01-12T11:39:40","modified_gmt":"2022-01-12T09:39:40","slug":"mailakumien-varit","status":"publish","type":"post","link":"https:\/\/www.sptl.fi\/sptl_test\/?p=30314","title":{"rendered":"Mailakumien v\u00e4rit"},"content":{"rendered":"<p>Kansainv\u00e4linen P\u00f6yt\u00e4tennisliitto (ITTF) on p\u00e4\u00e4tt\u00e4nyt, ett\u00e4 1.10.2021 alkaen <strong>punaisen mailakumin sijaan voi k\u00e4ytt\u00e4\u00e4 my\u00f6s muun v\u00e4risi\u00e4 kumeja. Toisen kumin on aina oltava musta<\/strong>. Koska omien pelis\u00e4\u00e4nt\u00f6jemme tulee olla yhdenmukaisia kansainv\u00e4listen s\u00e4\u00e4nt\u00f6jen kanssa, muutos koskee my\u00f6s Suomessa pelattavia kilpailuja ja sarjoja.<\/p>\n<p>Suomen s\u00e4\u00e4nn\u00f6t p\u00e4ivitet\u00e4\u00e4n yleens\u00e4 ennen uuden kauden alkua, joten s\u00e4\u00e4nt\u00f6kirjaan t\u00e4m\u00e4 muutos kirjataan ennen kauden 2022\u201323 alkua. <strong>Kilpailu- ja sarjatoiminnassa muutos on kuitenkin jo nyt voimassa. <\/strong><\/p>\n<p>Ohessa alustava s\u00e4\u00e4nt\u00f6, jota siis noudatetaan jo nyt:<\/p>\n<p>2.4.6\u00a0\u00a0 P\u00e4\u00e4llysteen pinnan sek\u00e4 mahdollisesti p\u00e4\u00e4llyst\u00e4m\u00e4tt\u00e4 j\u00e4tetyn puolen tulee olla himme\u00e4, <strong>toisella puolella musta ja toisella puolella v\u00e4rilt\u00e4\u00e4n kirkas sek\u00e4 selke\u00e4sti mustasta ja pallon v\u00e4rist\u00e4 erottuva.<\/strong><\/p>\n<p>Kuten t\u00e4h\u00e4nkin saakka, mailakumien ja my\u00f6s niiden v\u00e4rien tulee olla ITTF:n hyv\u00e4ksymi\u00e4. T\u00e4ll\u00e4 hetkell\u00e4 (tilanne tammikuussa 2022) hyv\u00e4ksyttyjen mailakumien luettelosta (<a href=\"https:\/\/equipments.ittf.com\/#\/equipments\/racket_coverings\">https:\/\/equipments.ittf.com\/#\/equipments\/racket_coverings<\/a>) l\u00f6ytyy seuraavan v\u00e4risi\u00e4 kumeja: musta, punainen, vihre\u00e4, sininen, violetti ja purppura\/pinkki.<\/p>\n<p>SPTL hallituksen psta<br \/>\nKimmo Arenius<\/p>\n","protected":false},"excerpt":{"rendered":"<p>Kansainv\u00e4linen P\u00f6yt\u00e4tennisliitto (ITTF) on p\u00e4\u00e4tt\u00e4nyt, ett\u00e4 1.10.2021 alkaen punaisen mailakumin sijaan voi k\u00e4ytt\u00e4\u00e4 my\u00f6s muun v\u00e4risi\u00e4 kumeja. Toisen kumin on aina oltava musta. Koska omien pelis\u00e4\u00e4nt\u00f6jemme tulee olla yhdenmukaisia kansainv\u00e4listen s\u00e4\u00e4nt\u00f6jen kanssa, muutos koskee my\u00f6s Suomessa pelattavia kilpailuja ja sarjoja. Suomen s\u00e4\u00e4nn\u00f6t p\u00e4ivitet\u00e4\u00e4n yleens\u00e4 ennen uuden kauden alkua, joten s\u00e4\u00e4nt\u00f6kirjaan t\u00e4m\u00e4 muutos kirjataan ennen kauden &hellip; <a href=\"https:\/\/www.sptl.fi\/sptl_test\/?p=30314\" class=\"more-link\">Jatka lukemista <span class=\"screen-reader-text\">Mailakumien v\u00e4rit<\/span> <span class=\"meta-nav\">&rarr;<\/span><\/a><\/p>\n","protected":false},"author":202,"featured_media":0,"comment_status":"open","ping_status":"open","sticky":false,"template":"","format":"standard","meta":{"ngg_post_thumbnail":0,"footnotes":""},"categories":[4],"tags":[],"_links":{"self":[{"href":"https:\/\/www.sptl.fi\/sptl_test\/index.php?rest_route=\/wp\/v2\/posts\/30314"}],"collection":[{"href":"https:\/\/www.sptl.fi\/sptl_test\/index.php?rest_route=\/wp\/v2\/posts"}],"about":[{"href":"https:\/\/www.sptl.fi\/sptl_test\/index.php?rest_route=\/wp\/v2\/types\/post"}],"author":[{"embeddable":true,"href":"https:\/\/www.sptl.fi\/sptl_test\/index.php?rest_route=\/wp\/v2\/users\/202"}],"replies":[{"embeddable":true,"href":"https:\/\/www.sptl.fi\/sptl_test\/index.php?rest_route=%2Fwp%2Fv2%2Fcomments&post=30314"}],"version-history":[{"count":0,"href":"https:\/\/www.sptl.fi\/sptl_test\/index.php?rest_route=\/wp\/v2\/posts\/30314\/revisions"}],"wp:attachment":[{"href":"https:\/\/www.sptl.fi\/sptl_test\/index.php?rest_route=%2Fwp%2Fv2%2Fmedia&parent=30314"}],"wp:term":[{"taxonomy":"category","embeddable":true,"href":"https:\/\/www.sptl.fi\/sptl_test\/index.php?rest_route=%2Fwp%2Fv2%2Fcategories&post=30314"},{"taxonomy":"post_tag","embeddable":true,"href":"https:\/\/www.sptl.fi\/sptl_test\/index.php?rest_route=%2Fwp%2Fv2%2Ftags&post=30314"}],"curies":[{"name":"wp","href":"https:\/\/api.w.org\/{rel}","templated":true}]}}