{"id":30326,"date":"2022-01-09T19:29:42","date_gmt":"2022-01-09T17:29:42","guid":{"rendered":"https:\/\/www.sptl.fi\/sptl_test\/?p=30326"},"modified":"2022-01-09T19:29:42","modified_gmt":"2022-01-09T17:29:42","slug":"vladimir-brilin-leiripaivat-oulussa-22-23-1-2022-ja-29-1-2022","status":"publish","type":"post","link":"https:\/\/www.sptl.fi\/sptl_test\/?p=30326","title":{"rendered":"Vladimir Brilin leirip\u00e4iv\u00e4t Oulussa 22.-23.1.2022 ja 29.1.2022"},"content":{"rendered":"<p>OPT-86 j\u00e4rjest\u00e4\u00e4 Vladimir Brilin vet\u00e4mi\u00e4 leirip\u00e4ivi\u00e4 Oulussa Ratamotien p\u00f6yt\u00e4tennishallilla 22.-23.2.2022 ja 29.1.2022. Mukaan otetaan vain 12 nopeinta ilmoittautunutta.<\/p>\n<p><img loading=\"lazy\" decoding=\"async\" class=\"alignnone size-large wp-image-30327\" src=\"https:\/\/www.sptl.fi\/sptl_test\/wp-content\/uploads\/225421711_214241990707933_5037535303564814383_n-1-1024x768.jpg\" alt=\"\" width=\"604\" height=\"453\" srcset=\"https:\/\/www.sptl.fi\/sptl_test\/wp-content\/uploads\/225421711_214241990707933_5037535303564814383_n-1-1024x768.jpg 1024w, https:\/\/www.sptl.fi\/sptl_test\/wp-content\/uploads\/225421711_214241990707933_5037535303564814383_n-1-300x225.jpg 300w, https:\/\/www.sptl.fi\/sptl_test\/wp-content\/uploads\/225421711_214241990707933_5037535303564814383_n-1.jpg 1280w\" sizes=\"(max-width: 604px) 100vw, 604px\" \/><\/p>\n<p>Info: <a href=\"https:\/\/docs.google.com\/presentation\/d\/1Eu-9xSECGA4nI8E5V7ZPylJrtLh7bfq6-8qJoWnry0c\/edit?usp=sharing\">https:\/\/docs.google.com\/presentation\/d\/1Eu-9xSECGA4nI8E5V7ZPylJrtLh7bfq6-8qJoWnry0c\/edit?usp=sharing<\/a><\/p>\n<p><span style=\"font-weight: 400;\">Ilmoittautuminen: <\/span><a href=\"https:\/\/bit.ly\/31L4Kne\"><span style=\"font-weight: 400;\">https:\/\/bit.ly\/31L4Kne<\/span><\/a><br \/>\n<span style=\"font-weight: 400;\">Ilmoittautuneet: <\/span><a href=\"https:\/\/bit.ly\/3q7Qyhb\"><span style=\"font-weight: 400;\">https:\/\/bit.ly\/3q7Qyhb<\/span><\/a><\/p>\n<p><span style=\"font-weight: 400;\">Ilmoittautumiset torstaihin 20.1.2022 menness\u00e4 22.-23.1.2022 leirip\u00e4iville, ja torstaihin 27.1.2022 menness\u00e4 29.1.2022 leirip\u00e4iv\u00e4lle.<\/span><\/p>\n","protected":false},"excerpt":{"rendered":"<p>OPT-86 j\u00e4rjest\u00e4\u00e4 Vladimir Brilin vet\u00e4mi\u00e4 leirip\u00e4ivi\u00e4 Oulussa Ratamotien p\u00f6yt\u00e4tennishallilla 22.-23.2.2022 ja 29.1.2022. Mukaan otetaan vain 12 nopeinta ilmoittautunutta. Info: https:\/\/docs.google.com\/presentation\/d\/1Eu-9xSECGA4nI8E5V7ZPylJrtLh7bfq6-8qJoWnry0c\/edit?usp=sharing Ilmoittautuminen: https:\/\/bit.ly\/31L4Kne Ilmoittautuneet: https:\/\/bit.ly\/3q7Qyhb Ilmoittautumiset torstaihin 20.1.2022 menness\u00e4 22.-23.1.2022 leirip\u00e4iville, ja torstaihin 27.1.2022 menness\u00e4 29.1.2022 leirip\u00e4iv\u00e4lle.<\/p>\n","protected":false},"author":12,"featured_media":0,"comment_status":"open","ping_status":"open","sticky":false,"template":"","format":"standard","meta":{"ngg_post_thumbnail":0,"footnotes":""},"categories":[17],"tags":[],"_links":{"self":[{"href":"https:\/\/www.sptl.fi\/sptl_test\/index.php?rest_route=\/wp\/v2\/posts\/30326"}],"collection":[{"href":"https:\/\/www.sptl.fi\/sptl_test\/index.php?rest_route=\/wp\/v2\/posts"}],"about":[{"href":"https:\/\/www.sptl.fi\/sptl_test\/index.php?rest_route=\/wp\/v2\/types\/post"}],"author":[{"embeddable":true,"href":"https:\/\/www.sptl.fi\/sptl_test\/index.php?rest_route=\/wp\/v2\/users\/12"}],"replies":[{"embeddable":true,"href":"https:\/\/www.sptl.fi\/sptl_test\/index.php?rest_route=%2Fwp%2Fv2%2Fcomments&post=30326"}],"version-history":[{"count":0,"href":"https:\/\/www.sptl.fi\/sptl_test\/index.php?rest_route=\/wp\/v2\/posts\/30326\/revisions"}],"wp:attachment":[{"href":"https:\/\/www.sptl.fi\/sptl_test\/index.php?rest_route=%2Fwp%2Fv2%2Fmedia&parent=30326"}],"wp:term":[{"taxonomy":"category","embeddable":true,"href":"https:\/\/www.sptl.fi\/sptl_test\/index.php?rest_route=%2Fwp%2Fv2%2Fcategories&post=30326"},{"taxonomy":"post_tag","embeddable":true,"href":"https:\/\/www.sptl.fi\/sptl_test\/index.php?rest_route=%2Fwp%2Fv2%2Ftags&post=30326"}],"curies":[{"name":"wp","href":"https:\/\/api.w.org\/{rel}","templated":true}]}}