{"id":30983,"date":"2022-03-03T12:46:12","date_gmt":"2022-03-03T10:46:12","guid":{"rendered":"https:\/\/www.sptl.fi\/sptl_test\/?p=30983"},"modified":"2022-03-13T11:01:52","modified_gmt":"2022-03-13T09:01:52","slug":"suomen-poytatennisliiton-kannanotto-venajan-sotatoimiin-ukrainassa","status":"publish","type":"post","link":"https:\/\/www.sptl.fi\/sptl_test\/?p=30983","title":{"rendered":"Suomen P\u00f6yt\u00e4tennisliiton kannanotto Ven\u00e4j\u00e4n sotatoimiin Ukrainassa"},"content":{"rendered":"<p>SPTL:n hallitus toteaa, ett\u00e4 liitto seuraa toiminnassaan ja kannanotoissaan Kansainv\u00e4lisen Olympiakomitean, Suomen Olympiakomitean, Kansainv\u00e4lisen P\u00f6yt\u00e4tennisliiton ja Euroopan P\u00f6yt\u00e4tennisunionin linjauksia.<\/p>\n<p>Emme l\u00e4het\u00e4 urheilijoitamme tai toimitsijoitamme Ven\u00e4j\u00e4ll\u00e4 tai Valko-Ven\u00e4j\u00e4ll\u00e4 j\u00e4rjestett\u00e4viin tapahtumiin. Emme my\u00f6sk\u00e4\u00e4n salli ven\u00e4l\u00e4isten tai valkoven\u00e4l\u00e4isten urheilijoiden tai toimihenkil\u00f6iden osallistumista j\u00e4rjest\u00e4miimme kansainv\u00e4lisiin tapahtumiin maansa tai seuransa edustajina tai yksityishenkil\u00f6in\u00e4.<\/p>\n<p>Hallitus toteaa my\u00f6s, ett\u00e4 Suomessa asuvat ven\u00e4l\u00e4iset ja valkoven\u00e4l\u00e4iset (olipa asianosaisella Suomen kansalaisuus tai ei) ovat tervetulleita harjoitussaleille ja jatkavat kilpailemistaan ja sarjapelaamistaan Suomessa normaaliin tapaan.<\/p>\n","protected":false},"excerpt":{"rendered":"<p>SPTL:n hallitus toteaa, ett\u00e4 liitto seuraa toiminnassaan ja kannanotoissaan Kansainv\u00e4lisen Olympiakomitean, Suomen Olympiakomitean, Kansainv\u00e4lisen P\u00f6yt\u00e4tennisliiton ja Euroopan P\u00f6yt\u00e4tennisunionin linjauksia. Emme l\u00e4het\u00e4 urheilijoitamme tai toimitsijoitamme Ven\u00e4j\u00e4ll\u00e4 tai Valko-Ven\u00e4j\u00e4ll\u00e4 j\u00e4rjestett\u00e4viin tapahtumiin. Emme my\u00f6sk\u00e4\u00e4n salli ven\u00e4l\u00e4isten tai valkoven\u00e4l\u00e4isten urheilijoiden tai toimihenkil\u00f6iden osallistumista j\u00e4rjest\u00e4miimme kansainv\u00e4lisiin tapahtumiin maansa tai seuransa edustajina tai yksityishenkil\u00f6in\u00e4. Hallitus toteaa my\u00f6s, ett\u00e4 Suomessa asuvat ven\u00e4l\u00e4iset &hellip; <a href=\"https:\/\/www.sptl.fi\/sptl_test\/?p=30983\" class=\"more-link\">Jatka lukemista <span class=\"screen-reader-text\">Suomen P\u00f6yt\u00e4tennisliiton kannanotto Ven\u00e4j\u00e4n sotatoimiin Ukrainassa<\/span> <span class=\"meta-nav\">&rarr;<\/span><\/a><\/p>\n","protected":false},"author":11,"featured_media":0,"comment_status":"open","ping_status":"open","sticky":false,"template":"","format":"standard","meta":{"ngg_post_thumbnail":0,"footnotes":""},"categories":[1],"tags":[],"_links":{"self":[{"href":"https:\/\/www.sptl.fi\/sptl_test\/index.php?rest_route=\/wp\/v2\/posts\/30983"}],"collection":[{"href":"https:\/\/www.sptl.fi\/sptl_test\/index.php?rest_route=\/wp\/v2\/posts"}],"about":[{"href":"https:\/\/www.sptl.fi\/sptl_test\/index.php?rest_route=\/wp\/v2\/types\/post"}],"author":[{"embeddable":true,"href":"https:\/\/www.sptl.fi\/sptl_test\/index.php?rest_route=\/wp\/v2\/users\/11"}],"replies":[{"embeddable":true,"href":"https:\/\/www.sptl.fi\/sptl_test\/index.php?rest_route=%2Fwp%2Fv2%2Fcomments&post=30983"}],"version-history":[{"count":0,"href":"https:\/\/www.sptl.fi\/sptl_test\/index.php?rest_route=\/wp\/v2\/posts\/30983\/revisions"}],"wp:attachment":[{"href":"https:\/\/www.sptl.fi\/sptl_test\/index.php?rest_route=%2Fwp%2Fv2%2Fmedia&parent=30983"}],"wp:term":[{"taxonomy":"category","embeddable":true,"href":"https:\/\/www.sptl.fi\/sptl_test\/index.php?rest_route=%2Fwp%2Fv2%2Fcategories&post=30983"},{"taxonomy":"post_tag","embeddable":true,"href":"https:\/\/www.sptl.fi\/sptl_test\/index.php?rest_route=%2Fwp%2Fv2%2Ftags&post=30983"}],"curies":[{"name":"wp","href":"https:\/\/api.w.org\/{rel}","templated":true}]}}