{"id":32918,"date":"2022-05-21T21:15:59","date_gmt":"2022-05-21T18:15:59","guid":{"rendered":"https:\/\/www.sptl.fi\/sptl_test\/?p=32918"},"modified":"2022-05-23T08:37:16","modified_gmt":"2022-05-23T05:37:16","slug":"special-olympics-sports-festival-20-22-5-2022","status":"publish","type":"post","link":"https:\/\/www.sptl.fi\/sptl_test\/?p=32918","title":{"rendered":"Special Olympics Sports Festival 20.-22.5.2022"},"content":{"rendered":"<h2>Timo Averjanoville ykk\u00f6ssija Tanskasta<\/h2>\n<p><strong>Timo Averjanovin hyv\u00e4t otteet jatkuivat Koldingissa, Tanskassa j\u00e4rjestett\u00e4viss\u00e4 Special Olympics Sports Festival -kilpailuissa. Averjanov nappasi kaksinpeliss\u00e4 kultaa voittamalla kaikki kahdeksan otteluaan 3-0. Sunnuntaina kisat jatkuvat nelinpeleill\u00e4 j\u00e4rjest\u00e4jien valitsemilla pareilla.<\/strong><\/p>\n<p>&#8211; Ekan kerran el\u00e4m\u00e4ss\u00e4 kultaa! Yksi askel on nyt otettu, Averjanov iloitsi Paralympiakomitean tiedotteessa.<\/p>\n<p>H\u00e4nen seuraava haasteensa on kehitysvammaisten urheilun VIRTUS-j\u00e4rjest\u00f6n EM-kilpailut hein\u00e4kuun puoliv\u00e4liss\u00e4 Krakovassa.<\/p>\n<p><img loading=\"lazy\" decoding=\"async\" class=\"alignnone size-large wp-image-33048\" src=\"https:\/\/www.sptl.fi\/sptl_test\/wp-content\/uploads\/Timo-Averjanov-Tanska-2-1024x633.jpg\" alt=\"\" width=\"604\" height=\"373\" srcset=\"https:\/\/www.sptl.fi\/sptl_test\/wp-content\/uploads\/Timo-Averjanov-Tanska-2-1024x633.jpg 1024w, https:\/\/www.sptl.fi\/sptl_test\/wp-content\/uploads\/Timo-Averjanov-Tanska-2-300x185.jpg 300w, https:\/\/www.sptl.fi\/sptl_test\/wp-content\/uploads\/Timo-Averjanov-Tanska-2-1536x949.jpg 1536w, https:\/\/www.sptl.fi\/sptl_test\/wp-content\/uploads\/Timo-Averjanov-Tanska-2.jpg 2048w\" sizes=\"(max-width: 604px) 100vw, 604px\" \/><\/p>\n<p><img loading=\"lazy\" decoding=\"async\" class=\"alignnone size-large wp-image-33011\" src=\"https:\/\/www.sptl.fi\/sptl_test\/wp-content\/uploads\/SO2022-Tanska-1024x499.jpg\" alt=\"\" width=\"604\" height=\"294\" srcset=\"https:\/\/www.sptl.fi\/sptl_test\/wp-content\/uploads\/SO2022-Tanska-1024x499.jpg 1024w, https:\/\/www.sptl.fi\/sptl_test\/wp-content\/uploads\/SO2022-Tanska-300x146.jpg 300w, https:\/\/www.sptl.fi\/sptl_test\/wp-content\/uploads\/SO2022-Tanska.jpg 1235w\" sizes=\"(max-width: 604px) 100vw, 604px\" \/><\/p>\n<p><a href=\"https:\/\/so-if.dk\/idraetter\/bordtennis\/\" target=\"_blank\" rel=\"noopener\">Kisasivusto<\/a><\/p>\n<p>Special Olympics Sports Festival -kilpailut j\u00e4rjestet\u00e4\u00e4n 20.\u201322. toukokuuta 2022 Tanskan Koldingissa. Suomalaisurheilijoita osallistuu yhdeks\u00e4\u00e4n lajiin. P\u00f6yt\u00e4tenniksess\u00e4 Suomea edustaa Timo Averjanov, jota valmentaa Petr Averjanov.<\/p>\n<p>Lue my\u00f6s: <a href=\"https:\/\/www.sptl.fi\/sptl_test\/?p=32746\">Timo Averjanoville historiallinen hopeamitali Maltalta<\/a><\/p>\n<p>&nbsp;<\/p>\n","protected":false},"excerpt":{"rendered":"<p>Timo Averjanoville ykk\u00f6ssija Tanskasta Timo Averjanovin hyv\u00e4t otteet jatkuivat Koldingissa, Tanskassa j\u00e4rjestett\u00e4viss\u00e4 Special Olympics Sports Festival -kilpailuissa. Averjanov nappasi kaksinpeliss\u00e4 kultaa voittamalla kaikki kahdeksan otteluaan 3-0. Sunnuntaina kisat jatkuvat nelinpeleill\u00e4 j\u00e4rjest\u00e4jien valitsemilla pareilla. &#8211; Ekan kerran el\u00e4m\u00e4ss\u00e4 kultaa! Yksi askel on nyt otettu, Averjanov iloitsi Paralympiakomitean tiedotteessa. H\u00e4nen seuraava haasteensa on kehitysvammaisten urheilun VIRTUS-j\u00e4rjest\u00f6n EM-kilpailut &hellip; <a href=\"https:\/\/www.sptl.fi\/sptl_test\/?p=32918\" class=\"more-link\">Jatka lukemista <span class=\"screen-reader-text\">Special Olympics Sports Festival 20.-22.5.2022<\/span> <span class=\"meta-nav\">&rarr;<\/span><\/a><\/p>\n","protected":false},"author":282,"featured_media":32864,"comment_status":"open","ping_status":"open","sticky":false,"template":"","format":"standard","meta":{"ngg_post_thumbnail":0,"footnotes":""},"categories":[18],"tags":[],"_links":{"self":[{"href":"https:\/\/www.sptl.fi\/sptl_test\/index.php?rest_route=\/wp\/v2\/posts\/32918"}],"collection":[{"href":"https:\/\/www.sptl.fi\/sptl_test\/index.php?rest_route=\/wp\/v2\/posts"}],"about":[{"href":"https:\/\/www.sptl.fi\/sptl_test\/index.php?rest_route=\/wp\/v2\/types\/post"}],"author":[{"embeddable":true,"href":"https:\/\/www.sptl.fi\/sptl_test\/index.php?rest_route=\/wp\/v2\/users\/282"}],"replies":[{"embeddable":true,"href":"https:\/\/www.sptl.fi\/sptl_test\/index.php?rest_route=%2Fwp%2Fv2%2Fcomments&post=32918"}],"version-history":[{"count":0,"href":"https:\/\/www.sptl.fi\/sptl_test\/index.php?rest_route=\/wp\/v2\/posts\/32918\/revisions"}],"wp:featuredmedia":[{"embeddable":true,"href":"https:\/\/www.sptl.fi\/sptl_test\/index.php?rest_route=\/wp\/v2\/media\/32864"}],"wp:attachment":[{"href":"https:\/\/www.sptl.fi\/sptl_test\/index.php?rest_route=%2Fwp%2Fv2%2Fmedia&parent=32918"}],"wp:term":[{"taxonomy":"category","embeddable":true,"href":"https:\/\/www.sptl.fi\/sptl_test\/index.php?rest_route=%2Fwp%2Fv2%2Fcategories&post=32918"},{"taxonomy":"post_tag","embeddable":true,"href":"https:\/\/www.sptl.fi\/sptl_test\/index.php?rest_route=%2Fwp%2Fv2%2Ftags&post=32918"}],"curies":[{"name":"wp","href":"https:\/\/api.w.org\/{rel}","templated":true}]}}