{"id":34713,"date":"2022-08-20T20:41:27","date_gmt":"2022-08-20T17:41:27","guid":{"rendered":"https:\/\/www.sptl.fi\/sptl_test\/?p=34713"},"modified":"2022-08-20T20:41:27","modified_gmt":"2022-08-20T17:41:27","slug":"euroopan-ja-pohjois-euroopan-unionin-kokouksissa-pekka-kolppanen-sai-toita","status":"publish","type":"post","link":"https:\/\/www.sptl.fi\/sptl_test\/?p=34713","title":{"rendered":"Euroopan ja Pohjois-Euroopan unionin kokouksissa &#8211; Pekka Kolppanen sai t\u00f6it\u00e4"},"content":{"rendered":"<p>Lauantai oli kokousp\u00e4iv\u00e4 M\u00fcnchenin EM-kisoissa. Acting president \u2013 kuten termi nyt kuuluu valitun presidentin Igor Levitinin ollessa pois kuvioista \u2013 Pedro Moura toivotti kokousv\u00e4en tervetulleeksi klo 10. Portugalilainen vakuutti, ett\u00e4 ETTU:lla menee ihan hyvin, vaikka Levitin ja my\u00f6s Vladimir Samsonov sek\u00e4 Polina Mikhailova ovat olleet sivussa j\u00e4rjest\u00f6n hommista on puolen vuoden ajan.<\/p>\n<p>Jo nyt on p\u00e4\u00e4tetty, ett\u00e4 ven\u00e4l\u00e4iset ja valkoven\u00e4l\u00e4iset ovat ulkona my\u00f6s alkavan kauden. Moura v\u00e4itti, ett\u00e4 p\u00e4\u00e4t\u00f6kset eiv\u00e4t ole olleet helppoja ja toivotti kokoukseen erikseen tervetulleeksi Ukrainan liiton puheenjohtajan. ITTF:n puheenjohtaja Petra S\u00f6rling sanoi h\u00e4nkin sanansa kokouksen aluksi. S\u00f6rling my\u00f6nsi, ett\u00e4 eurooppalaisilla ei t\u00e4ll\u00e4 hetkell\u00e4 mene kovinkaan hyvin ITTF:n ja WTT:n kanssa. Ja p\u00e4\u00e4sip\u00e4 my\u00f6s Saksan liiton uusi puheenjohtaja Claudia Herwegkin viel\u00e4 lausumaan tervetulotoivotuksensa. Ja oli sit\u00e4 mielt\u00e4, ett\u00e4 nyt k\u00e4ynniss\u00e4 oleva monen lajin tapahtuma on hyv\u00e4 ratkaisu p\u00f6yt\u00e4tennikselle.<\/p>\n<p>Moura valittiin kokouksen puheenjohtajaksi ja sitten seurasi nimenhuuto. Paikalla oli 45 j\u00e4senmaata, joista pieni osa et\u00e4yhteyden p\u00e4\u00e4ss\u00e4. Yhteens\u00e4h\u00e4n j\u00e4senj\u00e4rjest\u00f6j\u00e4 on 58, eli kokonaan pois oli 13 maata. Esityslista hyv\u00e4ksyttiin ja edellisen Romanian kokouksen p\u00f6yt\u00e4kirja hyv\u00e4ksyttiin nopeasti, kuten my\u00f6s vastuullisten toimijoiden \u2013 mukaan lukien varapresidentti Sonja Grefberg \u2013 raportit vuodelta 2021.<\/p>\n<p>Seuraavaksi hyv\u00e4ksyttiin vuoden 2021 talousluvut. Ne esitteli taloudesta vastaava (Englannin liiton puheenjohtaja) Sandra Deaton. Lukemat n\u00e4yttiv\u00e4t noin 214 000 euron plussaa noin 1,6 miljoonan euron kulurakenteella. Igor Levitinin ansioksi on laskettava, ett\u00e4 ETTU:n saamat sponsorirahat kasvoivat aikaisemmasta todella merkitt\u00e4v\u00e4sti. Kuluvaa vuotta ei t\u00e4m\u00e4 tieto valitettavasti en\u00e4\u00e4 koske ja ETTU:lla onkin t\u00e4n\u00e4 vuonna taloudellisesti hankalampaa. Yll\u00e4tt\u00e4v\u00e4\u00e4 kyll\u00e4, tilintarkastuskertomusta ei j\u00e4rjest\u00f6ll\u00e4 vuodesta 2021 ollut, kuulemma sairaustapauksien vuoksi. Vuoden 2023 budjetista puhutaan vasta seuraavassa kokouksessa.<\/p>\n<p>Nyt valittiin uudet tilintarkastajat sek\u00e4 my\u00f6s uusi Board of Appeal eli ETTU:n oma \u201dtuomioistuin\u201d, virallisemmin valituslautakunta. Suomalaisittain oli komeaa, ett\u00e4 Pekka Kolppanen valittiin kahden muun kandidaatin ohella yksimielisesti t\u00e4m\u00e4n j\u00e4seneksi. L\u00e4mpim\u00e4t onnittelut Pekka, t\u00f6it\u00e4 saattaa olla edess\u00e4!<\/p>\n<p>Sitten k\u00e4ytiin s\u00e4\u00e4nt\u00f6muutoksien kimppuun. Ne olivat l\u00e4hinn\u00e4 teknisi\u00e4, mutta nyt j\u00e4rjest\u00f6ll\u00e4 on mahdollisuus my\u00f6s irtisanoa j\u00e4seni\u00e4\u00e4n. Ven\u00e4j\u00e4 vastusti (et\u00e4yhteyden p\u00e4\u00e4ss\u00e4), mutta muut kannattivat esityst\u00e4. Kokous p\u00e4\u00e4tti my\u00f6s, ett\u00e4 jos maalla on kaksi kokousedustajaa, heid\u00e4n pit\u00e4isi tasa-arvosyist\u00e4 olla eri sukupuolta. Ainakin toistaiseksi t\u00e4m\u00e4 on kuitenkin vain suositus. Nyt otettiin s\u00e4\u00e4nt\u00f6ihin sekin, ett\u00e4 kokoustaa ja \u00e4\u00e4nest\u00e4\u00e4 voidaan my\u00f6s et\u00e4n\u00e4.<\/p>\n<p>Jatkossa ETTU:n eri elinten j\u00e4senien toimikausi on aika nelj\u00e4 vuotta ja j\u00e4seni\u00e4 voidaan valita my\u00f6s uudelleen seuraavalle kaudelle. P\u00e4\u00e4t\u00f6kseksi tuli sekin, ett\u00e4 jokaisessa komiteassa on oltava v\u00e4hint\u00e4\u00e4n 30 prosentin sukupuolinen v\u00e4hemmist\u00f6.<\/p>\n<p>Joukkue-EM on jatkossa p\u00e4iv\u00e4n pitempi kuin t\u00e4h\u00e4n asti. Joukkueen kokoonpanos\u00e4\u00e4nt\u00f6j\u00e4 muutettiin niin. ett\u00e4 ne ovat nyt t\u00e4ysin samat kuin ITTF:ll\u00e4kin. Euroopan TOP-16 puolestaan pelataan jatkossa paras seitsem\u00e4st\u00e4 -menetelm\u00e4ll\u00e4 aikaisemman paras viidest\u00e4 sijasta. Kokous p\u00e4\u00e4tti viel\u00e4, ett\u00e4 jatkossa alle 13-vuotiaiden EM-kisa on jatkossa virallinen. Joukkuekisa pelataan sekajoukkuein, mink\u00e4 toivotaan ohjaavan enemm\u00e4n panoksia tytt\u00f6pingikseen.<\/p>\n<p>ETTU:n j\u00e4senmaksu pysyy entisen\u00e4 (750 \u20ac). Ker\u00e4ys Ukrainan p\u00f6yt\u00e4tenniksen avuksi ei toistaiseksi ole oikein purrut, kun tavoite on 100\u00a0000 \u20ac ja kasassa on toistaiseksi vain 2\u00a0000 \u20ac. Ylip\u00e4\u00e4t\u00e4\u00e4n ETTU olettaa kuluvan vuoden menev\u00e4n taloudellisesti nollatulokseen, mutta ennuste sis\u00e4lt\u00e4\u00e4 kyll\u00e4 monia ep\u00e4varmuuksia.<\/p>\n<p>Dorte Darfelt ja Ronald Kramer saivat vasta t\u00e4ss\u00e4 kokouksessa kunniaj\u00e4senyytens\u00e4, vaikka heid\u00e4t valittiin jo viime vuonna. Edellinen on ETTU:n tanskalainen talouden varapresidentti takavuosilta, j\u00e4lkimm\u00e4inen taas ETTU:n hollantilainen puheenjohtaja ennen Levitinin kautta.<\/p>\n<p><img loading=\"lazy\" decoding=\"async\" class=\"alignnone size-medium wp-image-34711\" src=\"https:\/\/www.sptl.fi\/sptl_test\/wp-content\/uploads\/IMG_1494-300x225.jpg\" alt=\"\" width=\"300\" height=\"225\" srcset=\"https:\/\/www.sptl.fi\/sptl_test\/wp-content\/uploads\/IMG_1494-300x225.jpg 300w, https:\/\/www.sptl.fi\/sptl_test\/wp-content\/uploads\/IMG_1494.jpg 640w\" sizes=\"(max-width: 300px) 100vw, 300px\" \/><img loading=\"lazy\" decoding=\"async\" class=\"alignnone size-medium wp-image-34710\" src=\"https:\/\/www.sptl.fi\/sptl_test\/wp-content\/uploads\/IMG_1493-300x225.jpg\" alt=\"\" width=\"300\" height=\"225\" srcset=\"https:\/\/www.sptl.fi\/sptl_test\/wp-content\/uploads\/IMG_1493-300x225.jpg 300w, https:\/\/www.sptl.fi\/sptl_test\/wp-content\/uploads\/IMG_1493.jpg 640w\" sizes=\"(max-width: 300px) 100vw, 300px\" \/><\/p>\n<p>Lis\u00e4ksi jaettiin seitsem\u00e4n kunniaplakaatia. Nimet ovat meille aika tuntemattomia Norjan entist\u00e4 toiminnanjohtajaa (40 vuotta!) Sven-Erik Norrbyt\u00e4 ja unkarilaista mestaripelaajaa Krisztina Tothia lukuun ottamatta.<\/p>\n<p>Ruotsin liiton toiminnanjohtaja Thomas Buza ja puheenjohtaja Dennis Lindahl esitteliv\u00e4t seuraavaksi Malm\u00f6n EM-kisoja ensi vuoden syyskuussa. Hienolta n\u00e4ytti! Karsinta pit\u00e4\u00e4 selvitt\u00e4\u00e4, jotta on mukana 24 maan lopputurnauksessa. Siell\u00e4 pidet\u00e4\u00e4n my\u00f6s ETTU:n seuraava kokous. T\u00e4m\u00e4n kokouksen Moura p\u00e4\u00e4tti klo 13 j\u00e4lkeen, joten runsas nelj\u00e4 tuntia siin\u00e4 hurahti.<\/p>\n<p>NETU:lla my\u00f6s kokous<\/p>\n<p>Lounastauon j\u00e4lkeen jatkoimme NETU:n eli Pohjois-Euroopan Unionin kokouksella. Paikalla olivat edustajat Suomen (Esko ja Sonja) lis\u00e4ksi Islannista, Latviasta, Liettuasta, Norjasta, Ruotsista, Tanskasta ja Virosta. Tanskan puheenjohtaja Henrik Vendelbo johti puhetta ja listasi kolme asiaa:<\/p>\n<p>&#8211; \u201dKisaty\u00f6ryhm\u00e4\u201d miettim\u00e4\u00e4n NETU-mestaruuskisoja: Kuinka kehitt\u00e4\u00e4 kisoja, mill\u00e4 kisaohjelmalla menn\u00e4\u00e4n, yritet\u00e4\u00e4nk\u00f6 saada ITTF:n rankingpisteit\u00e4 jne. Se perustettiin. Vendelbo ja Tanskan p\u00e4\u00e4sihteeri Martin Lundkvist ainakin kuuluvat ryhm\u00e4\u00e4n. Suomen edustajaa pohditaan viel\u00e4.<\/p>\n<p><img loading=\"lazy\" decoding=\"async\" class=\"alignnone size-medium wp-image-34712\" src=\"https:\/\/www.sptl.fi\/sptl_test\/wp-content\/uploads\/IMG_1495-300x225.jpg\" alt=\"\" width=\"300\" height=\"225\" srcset=\"https:\/\/www.sptl.fi\/sptl_test\/wp-content\/uploads\/IMG_1495-300x225.jpg 300w, https:\/\/www.sptl.fi\/sptl_test\/wp-content\/uploads\/IMG_1495.jpg 640w\" sizes=\"(max-width: 300px) 100vw, 300px\" \/><\/p>\n<p>&#8211; Budjetti ja osa-aikainen \u201dhallintohenkil\u00f6\u201d NETU:lle. Idea on alun perin ruotsalaisilta. Thomas Buzan kanssa perustimme pienen ty\u00f6ryhm\u00e4n, joka miettii, mit\u00e4 kaikkea tuossa teht\u00e4v\u00e4ss\u00e4 pit\u00e4isi tehd\u00e4 ja mik\u00e4 olisi NETU:lle t\u00e4rke\u00e4\u00e4.<\/p>\n<p>&#8211; Juniorikisojen is\u00e4nt\u00e4 2023, koska Islanti vet\u00e4ytyi j\u00e4rjestelyist\u00e4. Viro otti (vanhaan tapaan) vuoden 2023, mutta Norja j\u00e4rjest\u00e4\u00e4 n\u00e4m\u00e4 kisat 2024.<\/p>\n<p>My\u00f6s ETTU:n pomo Pedro Moura vieraili kokouksessa. H\u00e4n puhui paljon vaikeuksista WTT:n kanssa. Maailman ranking on yksi paha ongelma ja kansainv\u00e4listen kilpailujen j\u00e4rjest\u00e4minen toinen. \u201dPainostakaa niit\u00e4\u201d oli Mouran ohjeille NETU-maille. Sit\u00e4h\u00e4n me totta vie olemme tehneet, mutta emme silti pysty j\u00e4rjest\u00e4m\u00e4\u00e4n Finlandia Openia.<\/p>\n","protected":false},"excerpt":{"rendered":"<p>Lauantai oli kokousp\u00e4iv\u00e4 M\u00fcnchenin EM-kisoissa. Acting president \u2013 kuten termi nyt kuuluu valitun presidentin Igor Levitinin ollessa pois kuvioista \u2013 Pedro Moura toivotti kokousv\u00e4en tervetulleeksi klo 10. Portugalilainen vakuutti, ett\u00e4 ETTU:lla menee ihan hyvin, vaikka Levitin ja my\u00f6s Vladimir Samsonov sek\u00e4 Polina Mikhailova ovat olleet sivussa j\u00e4rjest\u00f6n hommista on puolen vuoden ajan. Jo nyt on &hellip; <a href=\"https:\/\/www.sptl.fi\/sptl_test\/?p=34713\" class=\"more-link\">Jatka lukemista <span class=\"screen-reader-text\">Euroopan ja Pohjois-Euroopan unionin kokouksissa &#8211; Pekka Kolppanen sai t\u00f6it\u00e4<\/span> <span class=\"meta-nav\">&rarr;<\/span><\/a><\/p>\n","protected":false},"author":11,"featured_media":0,"comment_status":"open","ping_status":"open","sticky":false,"template":"","format":"standard","meta":{"ngg_post_thumbnail":0,"footnotes":""},"categories":[1],"tags":[],"_links":{"self":[{"href":"https:\/\/www.sptl.fi\/sptl_test\/index.php?rest_route=\/wp\/v2\/posts\/34713"}],"collection":[{"href":"https:\/\/www.sptl.fi\/sptl_test\/index.php?rest_route=\/wp\/v2\/posts"}],"about":[{"href":"https:\/\/www.sptl.fi\/sptl_test\/index.php?rest_route=\/wp\/v2\/types\/post"}],"author":[{"embeddable":true,"href":"https:\/\/www.sptl.fi\/sptl_test\/index.php?rest_route=\/wp\/v2\/users\/11"}],"replies":[{"embeddable":true,"href":"https:\/\/www.sptl.fi\/sptl_test\/index.php?rest_route=%2Fwp%2Fv2%2Fcomments&post=34713"}],"version-history":[{"count":0,"href":"https:\/\/www.sptl.fi\/sptl_test\/index.php?rest_route=\/wp\/v2\/posts\/34713\/revisions"}],"wp:attachment":[{"href":"https:\/\/www.sptl.fi\/sptl_test\/index.php?rest_route=%2Fwp%2Fv2%2Fmedia&parent=34713"}],"wp:term":[{"taxonomy":"category","embeddable":true,"href":"https:\/\/www.sptl.fi\/sptl_test\/index.php?rest_route=%2Fwp%2Fv2%2Fcategories&post=34713"},{"taxonomy":"post_tag","embeddable":true,"href":"https:\/\/www.sptl.fi\/sptl_test\/index.php?rest_route=%2Fwp%2Fv2%2Ftags&post=34713"}],"curies":[{"name":"wp","href":"https:\/\/api.w.org\/{rel}","templated":true}]}}