{"id":34780,"date":"2022-08-23T23:38:54","date_gmt":"2022-08-23T20:38:54","guid":{"rendered":"https:\/\/www.sptl.fi\/sptl_test\/?p=34780"},"modified":"2022-08-23T23:38:54","modified_gmt":"2022-08-23T20:38:54","slug":"tiedotusterveisia-48","status":"publish","type":"post","link":"https:\/\/www.sptl.fi\/sptl_test\/?p=34780","title":{"rendered":"Tiedotusterveisi\u00e4"},"content":{"rendered":"<p>Liittohallitus kokoontui kes\u00e4tauon j\u00e4lkeen tiistaina. Paikalla olivat kaikki j\u00e4senet sek\u00e4 Mika ja Taneli. Kokousrutiinien j\u00e4lkeen aloitimme tutusti valiokuntien ajankohtaisilla asioilla.<\/p>\n<p>Ty\u00f6valiokunta on pit\u00e4nyt kes\u00e4n aikana tapaamisia v\u00e4h\u00e4n eri miehityksill\u00e4. Puheenaiheita ovat olleet kes\u00e4-hein\u00e4kuussa pelattu EPYG, syksyn Finland Para Open sek\u00e4 perinteinen Finlandia Open, joista kaikista lis\u00e4\u00e4 tuonnempana. Lis\u00e4ksi on rustailtu OKM-hakemuksia, joskin toimiston miehet ovat n\u00e4iss\u00e4 ottaneet ison roolin.<\/p>\n<p>Seuravaliokunta piti kes\u00e4ll\u00e4 yhden kokouksen, jossa se puheenjohtaja Tero Naumin mukaan mietti ennen muuta Seurap\u00e4ivien ajankohtaa. Alustava suunnitelmahan osui parakisamme p\u00e4\u00e4lle. Nyt se on p\u00e4\u00e4tetty pit\u00e4\u00e4 seuratapaamisena EM-karsinnan yhteydess\u00e4 15. lokakuuta. \u201dSeurakonsultti\u201d Mikko M\u00e4ntyl\u00e4 puhuu seuratoiminnan rahoituksesta, mink\u00e4 ohella aiheina ovat junnutoiminnan kehitt\u00e4minen, Pongfinity Pingiskoulu, Jyv\u00e4skyl\u00e4n halliprojekti ja mahdollisesti my\u00f6s Nappulaleiritys.<\/p>\n<p>Kilpailuvaliokunnan Teemu Oinas kertoi, ett\u00e4 kalenteri alkaa olla kunnossa ja ett\u00e4 sarjaohjelmat on my\u00f6s isolta osin tehty. SM-kutsujakin on liiton sivuille ilmestynyt. Uusien lisenssien maksuj\u00e4rjestelm\u00e4 on kunnossa. Tosin Sporttiturvavakuutusta ei nyt ole mahdollista ottaa, sill\u00e4 Pohjola otti meihin asiasta yhteytt\u00e4 kovin my\u00f6h\u00e4\u00e4n. T\u00e4ll\u00e4 kaudella pelaajien vakuutusturva on siis muiden vakuutusten varassa. GP-sarjaakin ollaan kehitt\u00e4m\u00e4ss\u00e4.<\/p>\n<p>S\u00e4\u00e4nt\u00f6- ja tuomarivaliokunnan puheenjohtaja Kimmo Arenius on saanut valmiiksi kuluvan kauden s\u00e4\u00e4nt\u00f6muutokset sis\u00e4lt\u00e4v\u00e4n dokumentin, joka tulee piakkoin my\u00f6s liiton sivuille. Mailan kumien v\u00e4ris\u00e4\u00e4nt\u00f6 muuttui jo 1.10.2021, mutta tuli vasta nyt kirjatuksi s\u00e4\u00e4nt\u00f6kirjaan. Kev\u00e4\u00e4n liittokokouksen p\u00e4\u00e4t\u00f6ksien mukaisesti \u201dmestiksen pelij\u00e4rjestelm\u00e4 tuli nyt kaikkiin turnauslohkoihin ja Nappuloiden SM-kisassa voi nyt tasata lohkoja arvonnan j\u00e4lkeen. Arvontas\u00e4\u00e4nn\u00f6iss\u00e4 tehtiin parissa kohdin tekninen korjaus ja nyt puhutaan ratingpisteist\u00e4 ratingsijan sijaan. Suomessa vakituisesti asuvien ulkomaalaisten pelaamista sarjoissa helpotettiin. Sarjoista luopumiseen tehtiin lis\u00e4\u00e4 selvennyksi\u00e4 (Huom! t\u00e4ll\u00e4 kaudella ei ole mit\u00e4\u00e4n \u201dkoronahelpotuksia\u201d, vaan ottelut on pelattava).<\/p>\n<p>Mika R\u00e4s\u00e4nen ja Sonja Grefberg raportoivat Huippu-urheiluvaliokunnan asioista: juniori- ja seniori-NETU sek\u00e4 JEM ja EM on pelattu. Aleksi ja Sam olivat JEM-nelinpeliss\u00e4 16 parhaan joukossa, mutta muilta osin kes\u00e4 meni ehk\u00e4 v\u00e4h\u00e4n alakanttiin. Pasi Valasti oli hyv\u00e4 EM-kisan TV-l\u00e4hetyksiss\u00e4, tuumivat kaikki. Kes\u00e4ll\u00e4 on ollut my\u00f6s WTT-kisoja, mink\u00e4 lis\u00e4ksi Luka Oinas ja Jimi Koivum\u00e4ki olivat Unkarissa leirill\u00e4 ja ovat menossa Eurominichampsiin Ranskaan. Alex Naumi menee Euroopan U21-kisoihin Romaniaan. WTT:ss\u00e4 kustannukset ovat ongelmallisen korkeat, mik\u00e4 tarkoittaa rahanmenoa niin liitolle kuin pelaajille ja taustavoimillekin omavastuuosuuksina. Kaikkien Euroopan maiden valmentajat antoivat EM-kisoissa murskaavaa kritiikki\u00e4 WTT:lle ja toivoivat Euroopan omaa kiertuetta. Ensi vuoden alussa ilmestyy Euroopan oma rankinglista.<\/p>\n<p>Jyrki Nummenmaan kertoi Veteraanivaliokunnan asioissa, ett\u00e4 perinteinen Viro-ottelu pelataan Haapsalussa. Kes\u00e4ll\u00e4 2023 on Veteraani-EM Norjassa, liiton toimistossakin on asiaa koskevia esitteit\u00e4. Tammikuussa on MM-kisat Omanissa ja ensi kes\u00e4n\u00e4 my\u00f6s\u00a0 Euroopan Masters -kisat Tampereella. Marina Donner on N40 mestari Riminin EM-kisoista ja Jouko Manni MN70 -luokan hopeamitalisti. Lis\u00e4ksi Lauri Laane sai pronssia M40-luokassa.<\/p>\n<p>Valmennusvaliokunnassa on k\u00e4yty vilkasta verkkokeskustelua, raportoi Mika R\u00e4s\u00e4nen. Et\u00e4valmentajaillan ajankohtaa ja aihettakin on haettu. Mika Sorvosto suoritti korkean tason valmentajatutkinnon Ruotsissa ja Pajulahti haluaisi pilotoida kanssamme valmennuksen verkkokursseja. Mietimme my\u00f6s \u201dSuomen NETU Superweeki\u00e4\u201d kes\u00e4lle 2023.<\/p>\n<p>Paravaliokunnan Hannu Sihvo kertoi, ett\u00e4 leireilty on niin kes\u00e4- kuin elokuussakin. Aino Tapola ja Timo Natunen olivat elokuussa Ostravassa kisoissa ja Aino voitti oman luokkansa Timon ollessa vastaavasti kolmas. Timolle tehtiin villikorttianomus Granadan MM-kisaan marraskuussa, sill\u00e4 h\u00e4n oli lopulta ensimm\u00e4inen kisoista ulosj\u00e4\u00e4nyt. Hannu oli Tulevaisuuden t\u00e4hdet -leirill\u00e4 Aaron kanssa. Syksyn aikana Ainolla on kaksi kansainv\u00e4list\u00e4 leiri\u00e4, ja EPYGiss\u00e4 hyvin pelannut Aaro M\u00e4kel\u00e4kin saattaa tulla niist\u00e4 j\u00e4lkimm\u00e4iseen. Ennen MM-kisoja kalenterissa on vain oma parakisamme.<\/p>\n<p>Kimmo Pihkala totesi,ett\u00e4 IT-valiokunnassa on tehty yll\u00e4pitoty\u00f6t\u00e4: kausi on vaihdettu, lisenssej\u00e4 voi maksaa jne. Ja nyt liiton sivuilla n\u00e4kyy taas enemm\u00e4n vanhoja artikkeleita historiasta. Kisavetosovellus on sekin edennyt, joskin edelleen aika vaatimatonta vauhtia. Se ei ole viel\u00e4 testattavissa. Jyri Nummenmaa uskoo kuitenkin, ett\u00e4 se valmistuu t\u00e4m\u00e4n kauden aikana.<\/p>\n<p>Kansainv\u00e4lisiss\u00e4 asioissa Sonja Grefberg kertoi, ett\u00e4 ETTU:n kongressi oli viime lauantaina eik\u00e4 ven\u00e4l\u00e4isest\u00e4 puheenjohtajasta Igor Levitinist\u00e4 puhuttu mit\u00e4\u00e4n. Pekka Kolppanen valittiin ETTU:n Board of Appealiin eli valituslautakuntaan. Isot onnittelut t\u00e4st\u00e4 Pekalle. NETU kokoontui kes\u00e4n aikana kahdesti. Sek\u00e4 ETTU:n kongressista ett\u00e4 NETU-kokouksista on allekirjoittaneen erilliset raportit liiton sivuilla. EM-kisoissa valmentajat olivat eritt\u00e4in tyytym\u00e4tt\u00f6mi\u00e4 Kiinan \u00a0MM-kisojen kalleuteen.<\/p>\n<p>Liitolla on kauden aikana kolme kansainv\u00e4list\u00e4 tapahtumaa. Ensimm\u00e4inen niist\u00e4 eli EPYG sujui hyvin ja Pajulahdelta saamme j\u00e4rjestelyist\u00e4 korvauksen liitolle. Sonja kertoi, ett\u00e4 my\u00f6s Finland Para Open alkaa olla aika hyv\u00e4ll\u00e4 mallilla, kun mukana on yli 140 pelaajaa 29 maasta. Yhteens\u00e4 noin 270-280 ihmist\u00e4 on tulossa Pajulahteen. Tuomarit saatavat olla jonkinmoinen ongelma. Nyt on seurav\u00e4ell\u00e4 paikka auttaa liittoa, kiinnostuneet voivat olla yhteydess\u00e4 Taneli Keinoseen.<\/p>\n<p>Perinteisen Finlandia Openin tilannetta on py\u00f6ritelty pitkin syksy\u00e4 WTT:n kanssa. T\u00e4n\u00e4 vuonna se ei vain onnistu. Meill\u00e4 on hallivaikeuksiakin, kun Vantaa per\u00e4ytyi hankkeesta ja Ruskeasuolta ei alasalia en\u00e4\u00e4 oikein saa. Harmi! Sen sijaan j\u00e4rjest\u00e4mme 15.-16. lokakuuta Ruskeasuolla EM-karsinnan (Qualification Stage 1), jossa miehemme kohtaavat Latvian ja Montenegron ja naisemme Kroatian ja Norjan.<\/p>\n<p>Mika raportoi liiton taloustilanteesta ja totesi ensin, ett\u00e4 teimme kaksi erityistukihakemusta OKM:lle. \u00a0Korona-avustusta saimme 11 000 \u20ac sek\u00e4 valmennustoiminnan kehitt\u00e4minen koronan j\u00e4lkeen 23000 \u20ac. Hyv\u00e4 Taneli ja Mika! Hein\u00e4kuun lopun tilanteessa olemme aika hyvin budjetissa ja viime vuotta paremmassa tilanteessa. Para-FO tulos voi olla melko hyv\u00e4 ja lisenssi- ja sarjamaksut tulossa. Toki meill\u00e4 on paljon kulujakin.<\/p>\n<p>Syyskokouksen ajankohtaa emme viel\u00e4 ly\u00f6neet lukkoon, mutta marraskuun loppuun menness\u00e4 se on pidett\u00e4v\u00e4. Edess\u00e4 ovat mm. puheenjohtaja- ja varapuheenjohtajavaalit, mink\u00e4 lis\u00e4ksi puolet hallituksesta on erovuorossa. Henkil\u00f6valintojen lis\u00e4ksi syyskokous p\u00e4\u00e4tt\u00e4\u00e4 ensi vuoden budjetista ja toimintasuunnitelmasta.<\/p>\n<p>Viel\u00e4 totesimme, ett\u00e4 SPTL avustaa ETTU:n ker\u00e4yksen kautta Ukrainan p\u00f6yt\u00e4tennist\u00e4 500 eurolla. Seuraava P\u00f6yt\u00e4tennislehti on tulossa lokakuussa ja juttuehdotusten pit\u00e4isi olla sis\u00e4ll\u00e4 syyskuun aikana. Siin\u00e4 kentt\u00e4v\u00e4elle paikka aktivoitua! Toistaiseksi juttuja on aika niukalti.<\/p>\n<p>Taneli Keinonen tekee syksyn aikana valmennust\u00f6it\u00e4 PT Espoolle nelj\u00e4 tuntia maanantaisin ja TIP-70:lle tiistaisin sek\u00e4 valmennus- ett\u00e4 hallintot\u00f6it\u00e4. Luonnollisesti seurat maksavat liitolle t\u00e4st\u00e4 korvauksen.<\/p>\n<p>Liittohallitus kokoontuu seuraavan kerran 27. syyskuuta.<\/p>\n","protected":false},"excerpt":{"rendered":"<p>Liittohallitus kokoontui kes\u00e4tauon j\u00e4lkeen tiistaina. Paikalla olivat kaikki j\u00e4senet sek\u00e4 Mika ja Taneli. Kokousrutiinien j\u00e4lkeen aloitimme tutusti valiokuntien ajankohtaisilla asioilla. Ty\u00f6valiokunta on pit\u00e4nyt kes\u00e4n aikana tapaamisia v\u00e4h\u00e4n eri miehityksill\u00e4. Puheenaiheita ovat olleet kes\u00e4-hein\u00e4kuussa pelattu EPYG, syksyn Finland Para Open sek\u00e4 perinteinen Finlandia Open, joista kaikista lis\u00e4\u00e4 tuonnempana. Lis\u00e4ksi on rustailtu OKM-hakemuksia, joskin toimiston miehet ovat &hellip; <a href=\"https:\/\/www.sptl.fi\/sptl_test\/?p=34780\" class=\"more-link\">Jatka lukemista <span class=\"screen-reader-text\">Tiedotusterveisi\u00e4<\/span> <span class=\"meta-nav\">&rarr;<\/span><\/a><\/p>\n","protected":false},"author":11,"featured_media":0,"comment_status":"open","ping_status":"open","sticky":false,"template":"","format":"standard","meta":{"ngg_post_thumbnail":0,"footnotes":""},"categories":[1],"tags":[],"_links":{"self":[{"href":"https:\/\/www.sptl.fi\/sptl_test\/index.php?rest_route=\/wp\/v2\/posts\/34780"}],"collection":[{"href":"https:\/\/www.sptl.fi\/sptl_test\/index.php?rest_route=\/wp\/v2\/posts"}],"about":[{"href":"https:\/\/www.sptl.fi\/sptl_test\/index.php?rest_route=\/wp\/v2\/types\/post"}],"author":[{"embeddable":true,"href":"https:\/\/www.sptl.fi\/sptl_test\/index.php?rest_route=\/wp\/v2\/users\/11"}],"replies":[{"embeddable":true,"href":"https:\/\/www.sptl.fi\/sptl_test\/index.php?rest_route=%2Fwp%2Fv2%2Fcomments&post=34780"}],"version-history":[{"count":0,"href":"https:\/\/www.sptl.fi\/sptl_test\/index.php?rest_route=\/wp\/v2\/posts\/34780\/revisions"}],"wp:attachment":[{"href":"https:\/\/www.sptl.fi\/sptl_test\/index.php?rest_route=%2Fwp%2Fv2%2Fmedia&parent=34780"}],"wp:term":[{"taxonomy":"category","embeddable":true,"href":"https:\/\/www.sptl.fi\/sptl_test\/index.php?rest_route=%2Fwp%2Fv2%2Fcategories&post=34780"},{"taxonomy":"post_tag","embeddable":true,"href":"https:\/\/www.sptl.fi\/sptl_test\/index.php?rest_route=%2Fwp%2Fv2%2Ftags&post=34780"}],"curies":[{"name":"wp","href":"https:\/\/api.w.org\/{rel}","templated":true}]}}