{"id":38512,"date":"2023-03-06T09:40:30","date_gmt":"2023-03-06T07:40:30","guid":{"rendered":"https:\/\/www.sptl.fi\/sptl_test\/?p=38512"},"modified":"2023-03-06T09:41:38","modified_gmt":"2023-03-06T07:41:38","slug":"opt-86n-talvilomaleirit-viikot-8-9-ja-10","status":"publish","type":"post","link":"https:\/\/www.sptl.fi\/sptl_test\/?p=38512","title":{"rendered":"OPT-86:n talvilomaleirit, viikot 8, 9 ja 10"},"content":{"rendered":"<p>Muutoksia viikon 10 leiriohjelmaan:<\/p>\n<p>J\u00e4rjest\u00e4mme perjantaina 10.3.2023 harjoitukset vain klo 16.30 &#8211; 18.30.<br \/>\nJ\u00e4rjest\u00e4mme ylim\u00e4\u00e4r\u00e4isen leirip\u00e4iv\u00e4n lauantaina 11.3.2023 klo 11.00 &#8211; 16.00. T\u00e4ll\u00e4 korvaamme peruutetun OPT-86:n maaliskilpailujen ohjelman.<\/p>\n<hr \/>\n<p><span style=\"font-weight: 400;\">OPT-86 ry. j\u00e4rjest\u00e4\u00e4 yhteisty\u00f6ss\u00e4 Suomen P\u00f6yt\u00e4tennisliiton kanssa talvilomalla 2023 leirip\u00e4ivi\u00e4 Ratamotien p\u00f6yt\u00e4tennishallilla, osoite Ratamotie 22, Oulu. Leirip\u00e4ivi\u00e4 j\u00e4rjestet\u00e4\u00e4n viikolla 8 (20.-24.2.), viikolla 9 (27.2. &#8211; 3.3.) ja viikolla 10 (6.-10.3.) Leirin p\u00e4\u00e4valmentajana toimii OPT-86:n Vladimir Bril.\u00a0<\/span><\/p>\n<p>Katso edulliset hinnat, aikataulut ym. tarkat tiedot linkist\u00e4. Voit my\u00f6s majoittua v\u00e4liaikaisesti hallilla leirin ajan. Tervetuloa Ouluun harjoittelemaan ammattimaisessa ymp\u00e4rist\u00f6ss\u00e4 ja valmennuksessa.<\/p>\n<p>Leirin tarkat infot l\u00f6ytyv\u00e4t t\u00e4m\u00e4n linkin takaa: <a href=\"https:\/\/drive.google.com\/file\/d\/1xX4d2G-r20lYivovt9sBxD_MVrrc3XI4\/view?usp=sharing\">https:\/\/drive.google.com\/file\/d\/1xX4d2G-r20lYivovt9sBxD_MVrrc3XI4\/view?usp=sharing<\/a><\/p>\n<p>Tiedustelut: <a href=\"mailto:oulunpoytatennis@gmail.com\">oulunpoytatennis@gmail.com<\/a><\/p>\n","protected":false},"excerpt":{"rendered":"<p>Muutoksia viikon 10 leiriohjelmaan: J\u00e4rjest\u00e4mme perjantaina 10.3.2023 harjoitukset vain klo 16.30 &#8211; 18.30. J\u00e4rjest\u00e4mme ylim\u00e4\u00e4r\u00e4isen leirip\u00e4iv\u00e4n lauantaina 11.3.2023 klo 11.00 &#8211; 16.00. T\u00e4ll\u00e4 korvaamme peruutetun OPT-86:n maaliskilpailujen ohjelman. OPT-86 ry. j\u00e4rjest\u00e4\u00e4 yhteisty\u00f6ss\u00e4 Suomen P\u00f6yt\u00e4tennisliiton kanssa talvilomalla 2023 leirip\u00e4ivi\u00e4 Ratamotien p\u00f6yt\u00e4tennishallilla, osoite Ratamotie 22, Oulu. Leirip\u00e4ivi\u00e4 j\u00e4rjestet\u00e4\u00e4n viikolla 8 (20.-24.2.), viikolla 9 (27.2. &#8211; 3.3.) ja &hellip; <a href=\"https:\/\/www.sptl.fi\/sptl_test\/?p=38512\" class=\"more-link\">Jatka lukemista <span class=\"screen-reader-text\">OPT-86:n talvilomaleirit, viikot 8, 9 ja 10<\/span> <span class=\"meta-nav\">&rarr;<\/span><\/a><\/p>\n","protected":false},"author":12,"featured_media":0,"comment_status":"open","ping_status":"open","sticky":false,"template":"","format":"standard","meta":{"ngg_post_thumbnail":0,"footnotes":""},"categories":[17],"tags":[],"_links":{"self":[{"href":"https:\/\/www.sptl.fi\/sptl_test\/index.php?rest_route=\/wp\/v2\/posts\/38512"}],"collection":[{"href":"https:\/\/www.sptl.fi\/sptl_test\/index.php?rest_route=\/wp\/v2\/posts"}],"about":[{"href":"https:\/\/www.sptl.fi\/sptl_test\/index.php?rest_route=\/wp\/v2\/types\/post"}],"author":[{"embeddable":true,"href":"https:\/\/www.sptl.fi\/sptl_test\/index.php?rest_route=\/wp\/v2\/users\/12"}],"replies":[{"embeddable":true,"href":"https:\/\/www.sptl.fi\/sptl_test\/index.php?rest_route=%2Fwp%2Fv2%2Fcomments&post=38512"}],"version-history":[{"count":0,"href":"https:\/\/www.sptl.fi\/sptl_test\/index.php?rest_route=\/wp\/v2\/posts\/38512\/revisions"}],"wp:attachment":[{"href":"https:\/\/www.sptl.fi\/sptl_test\/index.php?rest_route=%2Fwp%2Fv2%2Fmedia&parent=38512"}],"wp:term":[{"taxonomy":"category","embeddable":true,"href":"https:\/\/www.sptl.fi\/sptl_test\/index.php?rest_route=%2Fwp%2Fv2%2Fcategories&post=38512"},{"taxonomy":"post_tag","embeddable":true,"href":"https:\/\/www.sptl.fi\/sptl_test\/index.php?rest_route=%2Fwp%2Fv2%2Ftags&post=38512"}],"curies":[{"name":"wp","href":"https:\/\/api.w.org\/{rel}","templated":true}]}}