{"id":39830,"date":"2023-03-06T21:38:57","date_gmt":"2023-03-06T19:38:57","guid":{"rendered":"https:\/\/www.sptl.fi\/sptl_test\/?p=39830"},"modified":"2023-03-06T21:38:57","modified_gmt":"2023-03-06T19:38:57","slug":"tiedotusterveisia-53","status":"publish","type":"post","link":"https:\/\/www.sptl.fi\/sptl_test\/?p=39830","title":{"rendered":"Tiedotusterveisi\u00e4"},"content":{"rendered":"<p>Liittohallitus kokoontui maanantaina. Kuten tavaksi on tullut, kokousrutiinien j\u00e4lkeen ilta aloitettiin valiokuntien ajankohtaisilla asioilla. Ja edelleen tuttuun tapaan alku otettiin ty\u00f6valiokunnasta. Sen listalla on ollut niin Finlandia Openia kuin Para Finland Openiakin, strategiap\u00e4iv\u00e4n j\u00e4rjestely\u00e4, p\u00f6yt\u00e4tennislehtipalaveria, liiton 85-vuotispalaveria ja ylip\u00e4\u00e4t\u00e4\u00e4n arjen asioita toiminnanjohtajan taustalla.<\/p>\n<p>Mika R\u00e4s\u00e4nen kertoi valmennusvaliokunnan asioista, ett\u00e4 valmennuksen verkkokoulutukset on nyt avattu ja ne l\u00f6ytyv\u00e4t Pajulahden verkkokaupasta. N\u00e4iden kurssien l\u00e4hip\u00e4iv\u00e4t ovat viel\u00e4 ratkaisematta, mutta nyt markkinoimme niit\u00e4 kovasti, t\u00e4ss\u00e4kin. Todettakoon, ett\u00e4 kurssit sopivat my\u00f6s omaa peli\u00e4\u00e4n kehitt\u00e4ville. Muilta osin valiokunnan toiminta on pitk\u00e4lle Slack-keskusteluja.<\/p>\n<p>Sonja Grefberg totesi huippu-urheiluvaliokunnan puolesta, ett\u00e4 Safirin kisoissa oli paljon suomalaisia. Palkintopallisijoituksia ei tullut, mutta kaikissa ik\u00e4luokissa on menty eteenp\u00e4in, arvioi p\u00e4\u00e4valmentaja Mattias Bergkvist. Benedek Ol\u00e1h k\u00e4vi Goassa WTT:ss\u00e4 ja jatkoi sielt\u00e4 Singaporeen ja my\u00f6s Marina Donner pelasi Goassa. Alex ja Benedek ovat olleet omissa sarjoissaan hyvin esill\u00e4. Hannu Sihvo kertoi lis\u00e4ksi, ett\u00e4 \u00a0ja parapelaajat Aino Tapola ja Timo Natunen l\u00e4htev\u00e4t maanantaina Italiaan, ja ett\u00e4 leireiltykin on. Todetaakoon, ett\u00e4 Tapola ja Natunen saivat my\u00f6s 10 000 \u20ac OKM:n apurahan.<\/p>\n<p>Kimmo Arenius alusti s\u00e4\u00e4nt\u00f6- ja tuomarivaliokunnan asioissa, ett\u00e4 strategiap\u00e4iv\u00e4ss\u00e4 k\u00e4ytiin jonkin verran s\u00e4\u00e4nt\u00f6keskusteluja. Sen pohjalta on valmisteltava esitykset kev\u00e4\u00e4n liittokokoukselle. Lis\u00e4ksi todettiin, ett\u00e4 Asko Rasinen toimi tuomarina Euroopan TOP-16-kisassa. Suomalaistuomareilla on paljon uusiakin teht\u00e4vi\u00e4 haettu ja tulossa.<\/p>\n<p>Kilpailuvaliokunnan Teemu Oinas mainitsi, ett\u00e4 SM-kisakutsut on nyt julkaistu, ja ett\u00e4 ensi kauden kalenterin valmistelu on my\u00f6s jo aloitettu. Kuluvan kauden kalenteriin on toukokuulle tehty muutoksia, joiden my\u00f6t\u00e4 sek\u00e4 18- ja Nappula-SM, Arf-cup ett\u00e4 Starin kisat saivat uudet ajankohdat.<\/p>\n<p>Jyrki Nummenmaa kertoi veteraanivaliokunnan puolesta, ett\u00e4 veteraanien TOP-8-kisalle on nyt uusi ajankohta eli 29. huhtikuuta. Veteraanien NETU-kisojen 2024 j\u00e4rjestelytoimikunta on j\u00e4rjest\u00e4ytynyt. Norjan EM-kisoihin ja Tampereen European Masters -kisoihin ehtii viel\u00e4 ilmoittautua.<\/p>\n<p>IT-valiokunnan asioissa Kimmo Pihkala selvitti, ett\u00e4 Stupa-yhteisty\u00f6t\u00e4 viety maltillisesti eteenp\u00e4in. Webwelhokin on taas v\u00e4h\u00e4n edistynyt ja ylip\u00e4\u00e4t\u00e4\u00e4n j\u00e4rjestelm\u00e4mme toimivat hyvin. Tero Naumi jatkoi seuravaliokunnan asioissa, ett\u00e4 valiokunnalle on tulossa oma strategiakokous viel\u00e4 t\u00e4ss\u00e4 kuussa.<\/p>\n<p>Juha Julmala totesi paravaliokunnan puolesta, ett\u00e4 seuraavaa yleisleiri\u00e4 on suunniteltu huhtikuun lopulle. Juha arvioi my\u00f6s, ett\u00e4 uusien paranuorten tavoittaminen on melko hankalaa ja huomautti, ett\u00e4 seurat saisivat vastata kentt\u00e4p\u00e4\u00e4llikk\u00f6 Keinosen l\u00e4hett\u00e4m\u00e4\u00e4n kyselyyn paratoiminnasta.<\/p>\n<p>Sonja kertoi viel\u00e4 kansainv\u00e4listen asioitten osalta, ett\u00e4 Puolan liitto on l\u00e4hett\u00e4nyt kirjeen, jossa vastustetaan ven\u00e4l\u00e4isten ja valkoven\u00e4l\u00e4isten osallistumista kansainv\u00e4lisiin kisoihin. Me puolestamme olemme osallistuneet NETU-kokoukseen, jossa aiheena oli j\u00e4rjest\u00f6n kaikinpuolinen ryhdist\u00e4ytyminen.<\/p>\n<p>Taloustilanteen osalta totesimme, ett\u00e4 vuoden 2022 tilinp\u00e4\u00e4t\u00f6s n\u00e4ytt\u00e4\u00e4 miinusta noin 32 000 euroa. Se on kymmenisen tuhatta enemm\u00e4n kuin budjetissa, mik\u00e4 selittyy pelk\u00e4st\u00e4\u00e4n jo OKM:n takaisinmaksuvaateella Finlandia Openin tuotoista. Tulema ei tietenk\u00e4\u00e4n ole hyv\u00e4, mutta t\u00e4m\u00e4n tappion kest\u00e4mme kyll\u00e4. Kansainv\u00e4linen toiminta on nyky\u00e4\u00e4n kallista! Alkuvuoden 2023 osalta emme viel\u00e4 osaa sanoa taloudesta oikein mit\u00e4\u00e4n.<\/p>\n<p>Hallitus p\u00e4\u00e4tti, ett\u00e4 kev\u00e4tliittokokous j\u00e4rjestet\u00e4\u00e4n maanantaina 24.4 klo 18, et\u00e4osallistumismahdollisuudella. T\u00e4rkeit\u00e4 aiheita ovat tilinp\u00e4\u00e4t\u00f6ksen ja toimintakertomuksen hyv\u00e4ksyminen sek\u00e4 mahdolliset s\u00e4\u00e4nt\u00f6muutosehdotukset. Niit\u00e4 lienee tulossa ainakin ulkomaalaispyk\u00e4li\u00e4, TOP-16-kisaa ja GP-kilpailuja koskien.<\/p>\n<p>Seuraavaksi puhuttiin P\u00f6yt\u00e4tennisrahaston tilanteesta. Perussijoituksemme EQ:n rahastoon oli 50 000 \u20ac, jonka arvo on nyt 58 000 \u20ac. Lis\u00e4ksi tilill\u00e4 on runsas 5 000 \u20ac, joka my\u00f6s on p\u00e4\u00e4tetty sijoittaa. Yhteens\u00e4 varoja on siis hiukan yli 63 000 \u20ac. Viime vuonna rahasto jakoi stipendein\u00e4 3 000 \u20ac ja t\u00e4n\u00e4 vuonna on tarkoitus jakaa 1 500 \u20ac. Koska rahaston tuotto on ollut melko hyv\u00e4, n\u00e4m\u00e4 rahat p\u00e4\u00e4tettiin maksaa liiton k\u00e4ytt\u00f6varoista. Liitolla on toinenkin 50 000 \u20ac sijoitus (joka ei siis kuulu rahastoon), mik\u00e4 sekin on noussut jonkin verran viime vuonna.<\/p>\n<p>Hallitus piti strategiakokouksen runsas viikko sitten Kisakalliossa. Iso kiitos siit\u00e4 lankeaa Matti Kurviselle, joka valmisteli sen, veti sen ja viel\u00e4 muotoili tuotoksetkin j\u00e4rkev\u00e4\u00e4n formaattiin. Nyt n\u00e4it\u00e4 tuloksia k\u00e4ytiin l\u00e4pi, miss\u00e4 yhteydess\u00e4 eri valiokunnat saivat runsaasti lis\u00e4valmisteluty\u00f6t\u00e4. N\u00e4ihin asioihin palataan Matin toimesta tarkemmin seuraavassa P\u00f6yt\u00e4tennislehdess\u00e4.<\/p>\n<p>Seuraava lehti ilmestyy siten, ett\u00e4 raportit SM-kisoista saadaan mukaan. Deadline kaikille kirjoittajille on 24.3., ilmoitti p\u00e4\u00e4toimittaja R\u00e4s\u00e4nen. Jutuille olisi nyt tilaa! Viel\u00e4 keskustelimme joidenkin ulkomaalaisten junioreiden oikeudesta pelata SM-kisoissa. Pohdiskelun j\u00e4lkeen tulema oli, ett\u00e4 s\u00e4\u00e4nt\u00f6j\u00e4 (eli yhden vuoden maassaoloaikaa) on noudatettava, jotta lupa helti\u00e4\u00e4.<\/p>\n<p>Puheenjohtaja p\u00e4\u00e4tti kokouksen runsaan 2,5 tunnin porinan j\u00e4lkeen klo 19.36. Hallitus kokoontuu seuraavat kerran 11.4. ja silloin asialistalla ovat ainakin kev\u00e4tliittokokouksen s\u00e4\u00e4nt\u00f6muutosehdotukset.<\/p>\n","protected":false},"excerpt":{"rendered":"<p>Liittohallitus kokoontui maanantaina. Kuten tavaksi on tullut, kokousrutiinien j\u00e4lkeen ilta aloitettiin valiokuntien ajankohtaisilla asioilla. Ja edelleen tuttuun tapaan alku otettiin ty\u00f6valiokunnasta. Sen listalla on ollut niin Finlandia Openia kuin Para Finland Openiakin, strategiap\u00e4iv\u00e4n j\u00e4rjestely\u00e4, p\u00f6yt\u00e4tennislehtipalaveria, liiton 85-vuotispalaveria ja ylip\u00e4\u00e4t\u00e4\u00e4n arjen asioita toiminnanjohtajan taustalla. Mika R\u00e4s\u00e4nen kertoi valmennusvaliokunnan asioista, ett\u00e4 valmennuksen verkkokoulutukset on nyt avattu ja &hellip; <a href=\"https:\/\/www.sptl.fi\/sptl_test\/?p=39830\" class=\"more-link\">Jatka lukemista <span class=\"screen-reader-text\">Tiedotusterveisi\u00e4<\/span> <span class=\"meta-nav\">&rarr;<\/span><\/a><\/p>\n","protected":false},"author":11,"featured_media":0,"comment_status":"open","ping_status":"open","sticky":false,"template":"","format":"standard","meta":{"ngg_post_thumbnail":0,"footnotes":""},"categories":[1],"tags":[],"_links":{"self":[{"href":"https:\/\/www.sptl.fi\/sptl_test\/index.php?rest_route=\/wp\/v2\/posts\/39830"}],"collection":[{"href":"https:\/\/www.sptl.fi\/sptl_test\/index.php?rest_route=\/wp\/v2\/posts"}],"about":[{"href":"https:\/\/www.sptl.fi\/sptl_test\/index.php?rest_route=\/wp\/v2\/types\/post"}],"author":[{"embeddable":true,"href":"https:\/\/www.sptl.fi\/sptl_test\/index.php?rest_route=\/wp\/v2\/users\/11"}],"replies":[{"embeddable":true,"href":"https:\/\/www.sptl.fi\/sptl_test\/index.php?rest_route=%2Fwp%2Fv2%2Fcomments&post=39830"}],"version-history":[{"count":0,"href":"https:\/\/www.sptl.fi\/sptl_test\/index.php?rest_route=\/wp\/v2\/posts\/39830\/revisions"}],"wp:attachment":[{"href":"https:\/\/www.sptl.fi\/sptl_test\/index.php?rest_route=%2Fwp%2Fv2%2Fmedia&parent=39830"}],"wp:term":[{"taxonomy":"category","embeddable":true,"href":"https:\/\/www.sptl.fi\/sptl_test\/index.php?rest_route=%2Fwp%2Fv2%2Fcategories&post=39830"},{"taxonomy":"post_tag","embeddable":true,"href":"https:\/\/www.sptl.fi\/sptl_test\/index.php?rest_route=%2Fwp%2Fv2%2Ftags&post=39830"}],"curies":[{"name":"wp","href":"https:\/\/api.w.org\/{rel}","templated":true}]}}