{"id":42187,"date":"2023-06-19T21:35:04","date_gmt":"2023-06-19T18:35:04","guid":{"rendered":"https:\/\/www.sptl.fi\/sptl_test\/?p=42187"},"modified":"2023-06-19T21:35:04","modified_gmt":"2023-06-19T18:35:04","slug":"tiedotusterveisia-56","status":"publish","type":"post","link":"https:\/\/www.sptl.fi\/sptl_test\/?p=42187","title":{"rendered":"Tiedotusterveisi\u00e4"},"content":{"rendered":"<p>Liittohallitus istui kokoustaan taas maanantaina. Ihan kaikki eiv\u00e4t p\u00e4\u00e4sseet mukaan, mutta ihan kunnon tunnin kokous saatiin silti aikaan.<\/p>\n<p>Valiokuntien ajankohtaisissa asioissa alku otettiin ty\u00f6valiokunnasta, jonka isona alkukes\u00e4n haasteena on tehd\u00e4 hallitukselle esitys elokuun lopulla liiton j\u00e4tt\u00e4v\u00e4n Mika R\u00e4s\u00e4sen \u201dpaikkaamisesta\u201d. Mikan rooli on ollut iso, mutta ajatellaan nyt positiivisesti, ett\u00e4 muutos on mahdollisuus. Viel\u00e4 ei kuitenkaan mm. monista matkoista johtuen ole valmista, joten hallitus joutunee aktivoitumaan ainakin viestien lukuun kes\u00e4ll\u00e4kin.<\/p>\n<p>Tero Naumi totesi seuravaliokunnan asioissa, ett\u00e4 Kosken kes\u00e4leiri oli iso punnerrus. Teemu Oinas teki siit\u00e4 mainion raportin liiton sivuille ja my\u00f6s kyselyn osanottajille. Odotettavissa lienee hyv\u00e4\u00e4 palautetta. Seurap\u00e4iv\u00e4\u00e4 mietitty elokuulle (19.8 Jyv\u00e4skyl\u00e4), ja aiheita sinne voi ehdottaa edelleen. Kes\u00e4leirej\u00e4 on nyt tarjolla enemm\u00e4nkin, ainakin Turussa ja Jyv\u00e4skyl\u00e4ss\u00e4.<\/p>\n<p>Sonja ja Mika raportoivat huippu-urheiluvaliokunnan asioista. Benedek Ol\u00e1h k\u00e4vi Durbanin MM-kisoissa ja pelasi yhden hienon (Anton K\u00e4llberg) ja yhden huonon (Lubomir Pistej) ottelun. Juniorit palasivat juuri Helsingborgista, jossa WTT-kisassa oli aika kova taso. Suomella ei nyt tullut erikoisempaa menestyst\u00e4, vaikka toki muutamia jatkopaikkoja alkulohkoista. Juniori-netulaiset ovat piakkoin l\u00e4hd\u00f6ss\u00e4 Viroon, JEM on hein\u00e4kuussa ja Benedek ja Alex aloittelevat loppuviikosta European Gamesia Puolassa. Luka Oinas ja Jimi Koivum\u00e4ki ovat menossa European Minichampsiin Ranskaan. Syyskuussa miesjoukkueella on joukkue-EM Malm\u00f6ss\u00e4.<\/p>\n<p>Hannu Sihvo kertoi, ett\u00e4 paramaajoukkuepelaajilla on ollut leiri M\u00e4rskyss\u00e4 ja Ruskeasuolla. Aino Tapola oli Englannissa leirill\u00e4 viime viikon. Hein\u00e4kuussa on Pajulahdessa leiri, johon britit puolestaan ovat mahdollisesti tulossa. Hein\u00e4-elokuun vaihteessa on leiri Sloveniassa ja my\u00f6s Pajulahdessa. Aino, Timo Natunen ja Aaro M\u00e4kel\u00e4 l\u00e4htev\u00e4t huomenna tiistaina Ostravan kisoihin.<\/p>\n<p>Kilpailuvaliokunnan Teemu Oinaksen mukaan ensi kauden kalenteria on rakenneltu ja sarjailmoittautumisia ker\u00e4tty. Juha Julmala vastaa j\u00e4lkimm\u00e4isist\u00e4 varsin pitk\u00e4lle. Valmennusvaliokunnan Mika R\u00e4s\u00e4sell\u00e4 ei nyt ollut paljon raportoitavaa \u2013 l\u00e4hinn\u00e4 on k\u00e4yty Slack-viestittely\u00e4. Mahdolliset valmentajap\u00e4iv\u00e4t menev\u00e4t syyskauden puolelle.<\/p>\n<p>IT-valiokunnan Kimmo Pihkala arvioi, ett\u00e4 Jyrki Nummenmaan kisanvetosovelluksen rakennus on nyt edennyt mukavasti. Jyrki piti siit\u00e4 taannoin halukkaille demonkin. Jonkinlainen \u201dkisanvetovetovalmius\u201d sill\u00e4 voisi olla jo ensi kauden alussa. Hein\u00e4kuussa tehd\u00e4\u00e4n sivujen kaudenvaihto sarjoineen.<\/p>\n<p>Jyrki jatkoi veteraanivaliokunnan asioissa, ett\u00e4 perinteiseen Viro-cupiin ja veteraanimaaotteluun ker\u00e4t\u00e4\u00e4n ilmoittautumisia. Kutsu on liiton sivuilla ja Johanna Kaimio koordinoi matkoja. Kimmo Arenius tuumi viel\u00e4 s\u00e4\u00e4nt\u00f6- ja tuomarivaliokunnan asioissa, ett\u00e4 s\u00e4\u00e4nt\u00f6kirjadokumentti p\u00e4ivitet\u00e4\u00e4n perinteisesti elokuussa.<\/p>\n<p>Kansainv\u00e4lisiss\u00e4 asioissa Sonja arveli, ett\u00e4 ITTF:ll\u00e4 ja WTT:ll\u00e4 edelleen aika lailla kiistoja ja ongelmia, ja ett\u00e4 ilmapiiri on hiukan tunkkainen. MM-kisakaan ei oikein ollut tunnelmaltaan entinen. Ven\u00e4l\u00e4isist\u00e4 ja valkoven\u00e4l\u00e4isist\u00e4 pelaajista puhutaan: pelioikeus on teoriassa olemassa, mutta k\u00e4yt\u00e4nn\u00f6ss\u00e4 oikein ei, kun monet maat eiv\u00e4t yksinkertaisesti ota heit\u00e4 vastaan.<\/p>\n<p>Muissa kokousasioissa todettiin ensin, ett\u00e4 kes\u00e4n toiminta alkaa olla kuosissa ja toimiston v\u00e4en lomatkin ovat n\u00e4ht\u00e4viss\u00e4 liiton sivuilla. Taloustilanne oli toukokuun lopulla sellainen, ett\u00e4 olemme miinuksella noin 8000 \u20ac. Se on koko lailla suunnitellun mukaista. Kassassa on rahaa vuoden mittaan kaikkien v\u00e4hiten, koska esimerkiksi lisenssirahat ovat viel\u00e4 kokonaan saamatta.<\/p>\n<p>Syksyn Para Finland Open j\u00e4rjestet\u00e4\u00e4n syksyll\u00e4 Pajulahdessa ilman ven\u00e4l\u00e4isi\u00e4 ja valkoven\u00e4l\u00e4isi\u00e4 pelaajia. Muutamia kyselyj\u00e4 on jo tullut. Kisojen aikana j\u00e4rjestet\u00e4\u00e4n my\u00f6s luokitteluseminaari, johon osallistuu 12 kansainv\u00e4list\u00e4 tulevaa luokittelijaa. Voi hyvin olla, ett\u00e4 t\u00e4n\u00e4 vuonna kisa on viimekertaista hiukan pienempi.<\/p>\n<p>Perinteinen Finlandia Open j\u00e4rjestet\u00e4\u00e4n joulukuussa Kisakalliossa. Mika R\u00e4s\u00e4nen toimii (viel\u00e4 toistaiseksi tekem\u00e4tt\u00f6m\u00e4ll\u00e4) erillissopimuksella kisan projektip\u00e4\u00e4llikk\u00f6n\u00e4. Kutsu on l\u00e4hetetty eurooppalaisille liitoille ja muutakin s\u00e4hk\u00f6postimarkkinointia on tehty. Ainakin Sveitsi jo luvannut tulla. Alustavaa kiinnostusta on ja meille voi tulla hyv\u00e4kin kisa, vaikka viel\u00e4 toistaiseksi olemme vain my\u00f6nteisell\u00e4 odottavalla kannalla. Ja kisaformaatti on siis perinteinen PKO (paitsi torstaina nuorisoluokissa). Kisan yhteydess\u00e4 j\u00e4rjestet\u00e4\u00e4n my\u00f6s SPTL:n 85-vuotisjuhlat. Niit\u00e4 silm\u00e4ll\u00e4 pit\u00e4en nyt on aika palkita seura-aktiiveja anomalla heille liiton ansiomerkkej\u00e4!<\/p>\n<p>Toiminnanjohtaja raportoi viel\u00e4 viimeisest\u00e4 P\u00f6yt\u00e4tennis-lehdest\u00e4\u00e4n p\u00e4\u00e4toimittajana. Materiaali on kasattu. Kyseess\u00e4 on \u201dpelkk\u00e4 nettilehti\u201d, liittokokous hallitukselle antaman ponnen my\u00f6t\u00e4. Se tarkoittaa pdf-tiedostoa liiton sivuilla, mink\u00e4 voi toki tulostaa. Linkki\u00e4 yritet\u00e4\u00e4n jakaa kattavasti tahoille, joiden s\u00e4hk\u00f6posti on toimistolla tiedossa.<\/p>\n<p>Lehti voi ilmesty\u00e4 verkkoon jo ensi viikolla. Jos t\u00e4lle asialle (eli paperilehden puuttumiselle) joku haluaa muutosta, kannattaa tulla puhumaan asiasta syksyn liittokokoukseen, liiton ylimp\u00e4\u00e4n p\u00e4\u00e4tt\u00e4v\u00e4\u00e4n elimeen.<\/p>\n<p>Liittohallituksen seuraava varsinainen kokous on vasta ensi kauden puolella alkusyksyst\u00e4, mutta hallituksen j\u00e4senet joutunevat kommentoimaan palkatun v\u00e4en ty\u00f6suhteita jo aikaisemmin kes\u00e4n aikana. Se on nyt puuhista p\u00e4\u00e4llimm\u00e4isen\u00e4.<\/p>\n","protected":false},"excerpt":{"rendered":"<p>Liittohallitus istui kokoustaan taas maanantaina. Ihan kaikki eiv\u00e4t p\u00e4\u00e4sseet mukaan, mutta ihan kunnon tunnin kokous saatiin silti aikaan. Valiokuntien ajankohtaisissa asioissa alku otettiin ty\u00f6valiokunnasta, jonka isona alkukes\u00e4n haasteena on tehd\u00e4 hallitukselle esitys elokuun lopulla liiton j\u00e4tt\u00e4v\u00e4n Mika R\u00e4s\u00e4sen \u201dpaikkaamisesta\u201d. Mikan rooli on ollut iso, mutta ajatellaan nyt positiivisesti, ett\u00e4 muutos on mahdollisuus. Viel\u00e4 ei kuitenkaan &hellip; <a href=\"https:\/\/www.sptl.fi\/sptl_test\/?p=42187\" class=\"more-link\">Jatka lukemista <span class=\"screen-reader-text\">Tiedotusterveisi\u00e4<\/span> <span class=\"meta-nav\">&rarr;<\/span><\/a><\/p>\n","protected":false},"author":11,"featured_media":0,"comment_status":"open","ping_status":"open","sticky":false,"template":"","format":"standard","meta":{"ngg_post_thumbnail":0,"footnotes":""},"categories":[1],"tags":[],"_links":{"self":[{"href":"https:\/\/www.sptl.fi\/sptl_test\/index.php?rest_route=\/wp\/v2\/posts\/42187"}],"collection":[{"href":"https:\/\/www.sptl.fi\/sptl_test\/index.php?rest_route=\/wp\/v2\/posts"}],"about":[{"href":"https:\/\/www.sptl.fi\/sptl_test\/index.php?rest_route=\/wp\/v2\/types\/post"}],"author":[{"embeddable":true,"href":"https:\/\/www.sptl.fi\/sptl_test\/index.php?rest_route=\/wp\/v2\/users\/11"}],"replies":[{"embeddable":true,"href":"https:\/\/www.sptl.fi\/sptl_test\/index.php?rest_route=%2Fwp%2Fv2%2Fcomments&post=42187"}],"version-history":[{"count":0,"href":"https:\/\/www.sptl.fi\/sptl_test\/index.php?rest_route=\/wp\/v2\/posts\/42187\/revisions"}],"wp:attachment":[{"href":"https:\/\/www.sptl.fi\/sptl_test\/index.php?rest_route=%2Fwp%2Fv2%2Fmedia&parent=42187"}],"wp:term":[{"taxonomy":"category","embeddable":true,"href":"https:\/\/www.sptl.fi\/sptl_test\/index.php?rest_route=%2Fwp%2Fv2%2Fcategories&post=42187"},{"taxonomy":"post_tag","embeddable":true,"href":"https:\/\/www.sptl.fi\/sptl_test\/index.php?rest_route=%2Fwp%2Fv2%2Ftags&post=42187"}],"curies":[{"name":"wp","href":"https:\/\/api.w.org\/{rel}","templated":true}]}}