{"id":42531,"date":"2023-07-21T16:27:25","date_gmt":"2023-07-21T13:27:25","guid":{"rendered":"https:\/\/www.sptl.fi\/sptl_test\/?p=42531"},"modified":"2023-07-22T07:55:56","modified_gmt":"2023-07-22T04:55:56","slug":"erkki-alaja-on-kuollut","status":"publish","type":"post","link":"https:\/\/www.sptl.fi\/sptl_test\/?p=42531","title":{"rendered":"Erkki Alaja on kuollut"},"content":{"rendered":"<p>Lajissamme v\u00e4h\u00e4n pitemp\u00e4\u00e4n mukana olleet saivat perjantaina melkoisen suru-uutisen. SPTL:n ensimm\u00e4inen toiminnanjohtaja (1976-79), liikuntaneuvos Erkki &#8221;Eki&#8221; Alaja, 71, nukkui yll\u00e4tt\u00e4en pois \u00e4killisen sairaskohtauksen my\u00f6t\u00e4.<\/p>\n<p>Eki tuli P\u00f6yt\u00e4tennisliiton Stadionin toimistoon l\u00e4hes suoraan kauppakorkeakoulusta ja uudisti liiton hallintoa monin tavoin. H\u00e4n ei itse pelannut, mutta lajiv\u00e4ki otti v\u00e4kev\u00e4n urheilumiehen omakseen nopeasti. Erityisen l\u00e4mpim\u00e4t suhteet Eki solmi liittomme legendaarisen varapuheenjohtajan Topi P\u00f6yryn kanssa. T\u00e4t\u00e4 Eki kuvaa mainiosti liiton historiakirjassa. Esa Ellosen h\u00e4n mainitsee suorastaan esikuvakseen.<\/p>\n<p>Erkki oli p\u00e4\u00e4sarjatason pelaaja sek\u00e4 k\u00e4si- ett\u00e4 jalkapallossa. Urheilu-uraa paljon merkitt\u00e4v\u00e4mm\u00e4ksi nousi h\u00e4nen monipuolinen roolinsa ja vaikuttamisensa miltei kaikessa urheilussa. H\u00e4n oli mm. Voimisteluliiton toiminnanjohtaja, HJK:n toimitusjohtaja, manageri, mainostoimistoyritt\u00e4j\u00e4 ja vaikka mit\u00e4.<\/p>\n<p>Viime vuodet Eki tunnettiin l\u00e4hinn\u00e4 urheilukirjailijana, mihin asiaan h\u00e4n innostui vasta parikymment\u00e4 vuotta sitten. Esimerkiksi Pallokent\u00e4n historiasta kertova &#8221;Bollis&#8221; on suomalaisten urheilukirjojen aatelia. My\u00f6s omael\u00e4m\u00e4kerta &#8221;Kutsumus&#8221; on vaikuttava. Sain kunnian olla my\u00f6nt\u00e4m\u00e4ss\u00e4 Erkille urheilukirjallisuuden el\u00e4m\u00e4nurapalkintoa alkuvuodesta. Sen j\u00e4lkeen istuimme pitk\u00e4n illan. Paljon hienompaa muistoa ei ihmisest\u00e4 voi j\u00e4\u00e4d\u00e4.<\/p>\n<p>Eki oli vaikuttaja, ajattelija, tekij\u00e4 ja ihmisen\u00e4 suuri. P\u00f6yt\u00e4tennikseen h\u00e4n toi paljon markkinointi- ja viestint\u00e4osaamista ja ennen kaikkea yhteishenke\u00e4 ja hyv\u00e4\u00e4 fiilist\u00e4. Eki j\u00e4i kaikkien h\u00e4net tunteneiden mieleen, sill\u00e4 h\u00e4nest\u00e4 ei voinut olla pit\u00e4m\u00e4tt\u00e4. Liiton 80-vuotisjuhlissa 2018 h\u00e4nelle jaettiin SPTL:n kultainen ansiomerkki.<\/p>\n<p>P\u00f6yt\u00e4tennisv\u00e4ki muistelee kiitollisuudella ja kunnioituksella Stadin, Bolliksen ja T\u00f6lik\u00e4n kundia Erkki Alajaa. Stadikan ja T\u00f6\u00f6l\u00f6ntorin kulmat kumiskoon hetken tyhjyytt\u00e4.<\/p>\n<p>Esko Heikkinen<\/p>\n","protected":false},"excerpt":{"rendered":"<p>Lajissamme v\u00e4h\u00e4n pitemp\u00e4\u00e4n mukana olleet saivat perjantaina melkoisen suru-uutisen. SPTL:n ensimm\u00e4inen toiminnanjohtaja (1976-79), liikuntaneuvos Erkki &#8221;Eki&#8221; Alaja, 71, nukkui yll\u00e4tt\u00e4en pois \u00e4killisen sairaskohtauksen my\u00f6t\u00e4. Eki tuli P\u00f6yt\u00e4tennisliiton Stadionin toimistoon l\u00e4hes suoraan kauppakorkeakoulusta ja uudisti liiton hallintoa monin tavoin. H\u00e4n ei itse pelannut, mutta lajiv\u00e4ki otti v\u00e4kev\u00e4n urheilumiehen omakseen nopeasti. Erityisen l\u00e4mpim\u00e4t suhteet Eki solmi liittomme &hellip; <a href=\"https:\/\/www.sptl.fi\/sptl_test\/?p=42531\" class=\"more-link\">Jatka lukemista <span class=\"screen-reader-text\">Erkki Alaja on kuollut<\/span> <span class=\"meta-nav\">&rarr;<\/span><\/a><\/p>\n","protected":false},"author":11,"featured_media":0,"comment_status":"open","ping_status":"open","sticky":false,"template":"","format":"standard","meta":{"ngg_post_thumbnail":0,"footnotes":""},"categories":[1],"tags":[],"_links":{"self":[{"href":"https:\/\/www.sptl.fi\/sptl_test\/index.php?rest_route=\/wp\/v2\/posts\/42531"}],"collection":[{"href":"https:\/\/www.sptl.fi\/sptl_test\/index.php?rest_route=\/wp\/v2\/posts"}],"about":[{"href":"https:\/\/www.sptl.fi\/sptl_test\/index.php?rest_route=\/wp\/v2\/types\/post"}],"author":[{"embeddable":true,"href":"https:\/\/www.sptl.fi\/sptl_test\/index.php?rest_route=\/wp\/v2\/users\/11"}],"replies":[{"embeddable":true,"href":"https:\/\/www.sptl.fi\/sptl_test\/index.php?rest_route=%2Fwp%2Fv2%2Fcomments&post=42531"}],"version-history":[{"count":0,"href":"https:\/\/www.sptl.fi\/sptl_test\/index.php?rest_route=\/wp\/v2\/posts\/42531\/revisions"}],"wp:attachment":[{"href":"https:\/\/www.sptl.fi\/sptl_test\/index.php?rest_route=%2Fwp%2Fv2%2Fmedia&parent=42531"}],"wp:term":[{"taxonomy":"category","embeddable":true,"href":"https:\/\/www.sptl.fi\/sptl_test\/index.php?rest_route=%2Fwp%2Fv2%2Fcategories&post=42531"},{"taxonomy":"post_tag","embeddable":true,"href":"https:\/\/www.sptl.fi\/sptl_test\/index.php?rest_route=%2Fwp%2Fv2%2Ftags&post=42531"}],"curies":[{"name":"wp","href":"https:\/\/api.w.org\/{rel}","templated":true}]}}