{"id":42570,"date":"2023-07-26T09:35:56","date_gmt":"2023-07-26T06:35:56","guid":{"rendered":"https:\/\/www.sptl.fi\/sptl_test\/?p=42570"},"modified":"2023-08-06T08:27:05","modified_gmt":"2023-08-06T05:27:05","slug":"henri-pelkonen-uusi-toiminnanjohtaja","status":"publish","type":"post","link":"https:\/\/www.sptl.fi\/sptl_test\/?p=42570","title":{"rendered":"Henri Pelkonen uusi toiminnanjohtaja"},"content":{"rendered":"<p>PT Jyv\u00e4skyl\u00e4n puuhamiehen\u00e4 tunnettu Henri Pelkonen on SPTL:n uusi toiminnanjohtaja. Mika R\u00e4s\u00e4nen p\u00e4\u00e4tt\u00e4\u00e4 kautensa elokuun lopussa ja Henri aloittaa virallisesti maanantaina 11.9.2023. Kyseess\u00e4 on ostopalvelusopimus Askel Sportsin kanssa, jonka osakas Henri on.<\/p>\n<p>Henrin osalta teht\u00e4v\u00e4 on osa-aikainen, kolme p\u00e4iv\u00e4\u00e4 viikossa. T\u00e4m\u00e4 tarkoittaa, ett\u00e4 toimiston ty\u00f6teht\u00e4vi\u00e4 tullaan muutoinkin organisoimaan uudelleen. N\u00e4ist\u00e4 lis\u00e4\u00e4 my\u00f6hemmin. Henri tulee itse esittelem\u00e4\u00e4n itse\u00e4\u00e4n ja ajatuksiaan starttip\u00e4iv\u00e4n l\u00e4hestyess\u00e4. Ja ensimm\u00e4inen kerran h\u00e4net voi halutessaan tavata jo Jyv\u00e4skyl\u00e4n seurap\u00e4ivill\u00e4 19. elokuuta.<\/p>\n<p>Onnea Henrille uuteen teht\u00e4v\u00e4\u00e4n. Emme sano viel\u00e4 virallisia kiitoksia Mikalle, sill\u00e4 h\u00e4n on lomansa j\u00e4lkeen ty\u00f6ss\u00e4 viel\u00e4 elokuun. Niidenkin aika toki tulee!<\/p>\n<p>Esko Heikkinen<\/p>\n","protected":false},"excerpt":{"rendered":"<p>PT Jyv\u00e4skyl\u00e4n puuhamiehen\u00e4 tunnettu Henri Pelkonen on SPTL:n uusi toiminnanjohtaja. Mika R\u00e4s\u00e4nen p\u00e4\u00e4tt\u00e4\u00e4 kautensa elokuun lopussa ja Henri aloittaa virallisesti maanantaina 11.9.2023. Kyseess\u00e4 on ostopalvelusopimus Askel Sportsin kanssa, jonka osakas Henri on. Henrin osalta teht\u00e4v\u00e4 on osa-aikainen, kolme p\u00e4iv\u00e4\u00e4 viikossa. T\u00e4m\u00e4 tarkoittaa, ett\u00e4 toimiston ty\u00f6teht\u00e4vi\u00e4 tullaan muutoinkin organisoimaan uudelleen. N\u00e4ist\u00e4 lis\u00e4\u00e4 my\u00f6hemmin. Henri tulee itse &hellip; <a href=\"https:\/\/www.sptl.fi\/sptl_test\/?p=42570\" class=\"more-link\">Jatka lukemista <span class=\"screen-reader-text\">Henri Pelkonen uusi toiminnanjohtaja<\/span> <span class=\"meta-nav\">&rarr;<\/span><\/a><\/p>\n","protected":false},"author":11,"featured_media":0,"comment_status":"open","ping_status":"open","sticky":false,"template":"","format":"standard","meta":{"ngg_post_thumbnail":0,"footnotes":""},"categories":[1],"tags":[],"_links":{"self":[{"href":"https:\/\/www.sptl.fi\/sptl_test\/index.php?rest_route=\/wp\/v2\/posts\/42570"}],"collection":[{"href":"https:\/\/www.sptl.fi\/sptl_test\/index.php?rest_route=\/wp\/v2\/posts"}],"about":[{"href":"https:\/\/www.sptl.fi\/sptl_test\/index.php?rest_route=\/wp\/v2\/types\/post"}],"author":[{"embeddable":true,"href":"https:\/\/www.sptl.fi\/sptl_test\/index.php?rest_route=\/wp\/v2\/users\/11"}],"replies":[{"embeddable":true,"href":"https:\/\/www.sptl.fi\/sptl_test\/index.php?rest_route=%2Fwp%2Fv2%2Fcomments&post=42570"}],"version-history":[{"count":0,"href":"https:\/\/www.sptl.fi\/sptl_test\/index.php?rest_route=\/wp\/v2\/posts\/42570\/revisions"}],"wp:attachment":[{"href":"https:\/\/www.sptl.fi\/sptl_test\/index.php?rest_route=%2Fwp%2Fv2%2Fmedia&parent=42570"}],"wp:term":[{"taxonomy":"category","embeddable":true,"href":"https:\/\/www.sptl.fi\/sptl_test\/index.php?rest_route=%2Fwp%2Fv2%2Fcategories&post=42570"},{"taxonomy":"post_tag","embeddable":true,"href":"https:\/\/www.sptl.fi\/sptl_test\/index.php?rest_route=%2Fwp%2Fv2%2Ftags&post=42570"}],"curies":[{"name":"wp","href":"https:\/\/api.w.org\/{rel}","templated":true}]}}