{"id":44330,"date":"2023-10-03T22:36:54","date_gmt":"2023-10-03T19:36:54","guid":{"rendered":"https:\/\/www.sptl.fi\/sptl_test\/?p=44330"},"modified":"2023-10-05T08:03:51","modified_gmt":"2023-10-05T05:03:51","slug":"tiedotusterveisia-58","status":"publish","type":"post","link":"https:\/\/www.sptl.fi\/sptl_test\/?p=44330","title":{"rendered":"Tiedotusterveisi\u00e4"},"content":{"rendered":"<p>Liittohallitus kokousti et\u00e4n\u00e4 tiistai-iltana. Alku oli mukava, sill\u00e4 saimme antaa uudelle toiminnanjohtaja Henri Pelkoselle paitsi tervetulotoivotukset liittoon, my\u00f6s onnittelut tuoreen avioliiton johdosta. Siit\u00e4 siirryttiin kokousrutiinien j\u00e4lkeen valiokuntien ajankohtaisiin asioihin. Ty\u00f6valiokunnassa on paitsi valmisteltu Henrin tuloa, my\u00f6s hoideltu Stiga-sopimusta ja puhuttu liiton ty\u00f6suhteista. Eskolla ja Sonjalla vier\u00e4hti EM-kisoissa tovi ja mennyt viikko kului Pajulahden parakisassa. Henrin ensimm\u00e4ist\u00e4 hallituksen kokoustakin valmisteltiin hiukan tavallista enemm\u00e4n.<\/p>\n<p>Seuravaliokunnan Tero Naumi kertoi, ett\u00e4 syksyn ensimm\u00e4isess\u00e4 seuraillassa oli hyvin kuulijoita. Jyrki Nummenmaa esitteli PT-Welhoa ja Webwelhoa ja Kimmo Pihkala uutta ratingj\u00e4rjestelm\u00e4\u00e4. Kuulijakunta oli aktiivista ja kiinnostunut \u201dwelhoista\u201d. Seuraava seurailta on ensi maanantaina 9.10 klo 18 ja silloin Henri Pelkonen esittelee itse\u00e4\u00e4n ja ajatuksiaan kentt\u00e4v\u00e4elle. Olkaa kuulolla!<\/p>\n<p>Sonja Grefberg totesi huippu-urheiluvaliokunnan osalta, ett\u00e4 joukkue-EM Malm\u00f6ssa oli eritt\u00e4in hyvin j\u00e4rjestetty. Suomen miehet olivat l\u00e4hell\u00e4 yll\u00e4tt\u00e4\u00e4 Puolan. Benedekin (Ranska) ja Alexin (Ruotsi) sarjat ovat alkaneet ja parhaillaan on menossa WTT-kisa Tukholmassa, jossa poikien lis\u00e4ksi on mukana my\u00f6s Marina Donner. Oma Para Finland -kisamme meni hyvin, Aino Tapola ja Timo Natunen olivat luokissaan kaksinpelikakkosia ja Aino voitti MD4-sekanelinpelin espanjalaisen Toledon kanssa.<\/p>\n<p>Teemu Oinas arveli, ett\u00e4 kilpailuvaliokunnalla oli syyskuussa \u201dkaikkien aikojen kiireisin kuukausi\u201d. Paljon on ollut ratingasiaa, mutta homma on nyt kohtalaisesti kuosissa. Kimmo Pihkala ja Jori Haataja ovat tehneet paljon hommia. Voimme todeta, ett\u00e4 kilpailut py\u00f6riv\u00e4t ja sarjat ovat k\u00e4ynnistyneet. Veteraanivaliokunnan Jyrki Nummenmaa puolestaan tuumi, ett\u00e4 Viru-cup pelattiin syyskuussa Virossa perinteisin menoin.<\/p>\n<p>IT-valiokunnan Kimmo Pihkala my\u00f6nsi itsekin, ett\u00e4 rating aiheuttanut paljon t\u00f6it\u00e4 ja viel\u00e4kin on tavaraa \u201dbugi-listalla\u201d. Liitolle on hankitti toinen striimikamera ja jalusta. Jyrki Nummenmaa kertoi kisanvetosoftan osalta, ett\u00e4 ratinguudistus vaikuttaa niihinkin. T\u00e4ll\u00e4 hetkell\u00e4 mietit\u00e4\u00e4n synkronointia ja t\u00f6it\u00e4 on &#8211; sulavassa k\u00e4yt\u00f6ss\u00e4 ei viel\u00e4 ihan olla. Esittelyvideot ovat mietinn\u00e4ss\u00e4. Valmennusvaliokunnan osalta todettiin, ett\u00e4 pitk\u00e4\u00e4n suunniteltu valmentajailta on edelleen pohdinnassa.<\/p>\n<p>Juha Julmala raportoi paravaliokunnan asioissa, ett\u00e4 Para-SM pelataan Pajulahdessa 16. joulukuuta 2023. Sit\u00e4 ennen on tulossa ainakin yksi yleisleiri. S\u00e4\u00e4nt\u00f6- ja tuomarivaliokunnassa on puheenjohtaja Kimmo Areniuksen mukaan ollut rauhallista.&#8217;<\/p>\n<p>Kansainv\u00e4lisiss\u00e4 asioissa Sonja sanoi, ett\u00e4 ETTU:n kongressista on raportoitu erikseen: EM-joukkuekisaj\u00e4rjestelm\u00e4 muuttui ja nyt tulee \u201dB-EM\u201d (18 parasta suoraan A-turnaukseen, muut pelaavat B:ss\u00e4 kuudesta paikasta). Ven\u00e4l\u00e4isi\u00e4 ja valkoven\u00e4l\u00e4isi\u00e4 ei ainakaan viel\u00e4 toistaiseksi ole osallistunut mihink\u00e4\u00e4n kilpailuun, vaikka ITTF (ja KOK) sen periaatteessa tietyin ehdoin salliikin.<\/p>\n<p>Henri alusti seuraavaksi uuden toiminnanjohtajan ty\u00f6ajoista ja -tavoista. Kolmen viikon j\u00e4lkeen h\u00e4n on \u201dp\u00e4\u00e4ssyt asioiden p\u00e4\u00e4lle\u201d mutta paljon uusia pikkujuttuja tulee edelleen. Henri on t\u00f6iss\u00e4 kolme p\u00e4iv\u00e4\u00e4 viikossa, mutta ei s\u00e4\u00e4nn\u00f6llisesti tietyt kolme p\u00e4iv\u00e4\u00e4, vaan l\u00e4hinn\u00e4 ajatuksella 24 h\/viikko. Liiton sivuilla on nyt infoa yhteyden saamisesta. Lis\u00e4ksi Henri sanoi nostavansa hattua kilpailuvaliokunnalle aktiivisuudesta. Uudistuksia on tulossa my\u00f6hemmin syksyll\u00e4, sill\u00e4 intoa niihin on! Henkil\u00f6st\u00f6n viikkopalaverit ovat jo alkaneet.<\/p>\n<p>Muista liiton ty\u00f6ntekij\u00f6ist\u00e4 Henri totesi, ett\u00e4 kentt\u00e4p\u00e4\u00e4llikk\u00f6 Taneli Keinosella on t\u00e4ysaikainen toistaiseksi voimassa oleva ty\u00f6suhde. P\u00e4\u00e4valmentaja Mattias Bergkvistin ty\u00f6aikaa on v\u00e4h\u00e4n lis\u00e4tty ja h\u00e4n osallistuu jatkossa my\u00f6s kansainv\u00e4listen kisojen ilmoittautumisiin (mik\u00e4 on aika iso homma!) ja ottaa yhden Samuli Soineen aamuharjoituksen. Heikki Kiiskinen tekee marraskuun alusta t\u00f6it\u00e4 10 kk m\u00e4\u00e4r\u00e4aikaisella sopimuksella 20 h viikossa ja t\u00e4h\u00e4n liitto saa palkkatukea. Ty\u00f6listalla ovat ainakin P\u00f6yt\u00e4tennislehti ja muu viestint\u00e4. Johanna Kaimion ty\u00f6suhde p\u00e4\u00e4ttyi elokuun loppuun ja Samuli Soine jatkaa osa-aikaisena muuten kuten t\u00e4h\u00e4nkin asti, mutta aamuharjoituksia on h\u00e4nell\u00e4 nyt vain kaksi.<\/p>\n<p>Liittohallitus p\u00e4\u00e4tti j\u00e4rjest\u00e4\u00e4 liiton virallisen syyskokouksen maanantaina 20. marraskuuta klo 18. Sit\u00e4 ennen toiminnanjohtaja tapaa valiokuntien puheenjohtajat (et\u00e4n\u00e4) toimintasuunnitelmia silm\u00e4ll\u00e4 pit\u00e4en. S\u00e4\u00e4st\u00f6budjetti on tulossa ja todenn\u00e4k\u00f6isesti joitakin muutoksiakin. My\u00f6s joitakin maksukorotuksia lienee tulossa syyskokouksen esitykseksi. Puheenjohtajisto on erovuorossa vasta ensi vuonna, mutta hallitukseen valitaan taas nelj\u00e4 uutta edustaa. Vanhoista Kimmo Arenius ei jatka ja h\u00e4nen lis\u00e4kseen Tero Naumi, Kimmo Pihkala ja Pasi Valasti ovat erovuorossa. Seurat aktivoitukoot! Etenkin s\u00e4\u00e4nt\u00f6- ja tuomarivaliokunta kaipaa kovasti uutta puheenjohtajaa Areniuksen v\u00e4istyess\u00e4.<\/p>\n<p>P\u00f6yt\u00e4tennislehti 3\/23 ilmestyy digitaalisena lokakuun aikana. Heikki Kiiskinen on uusi p\u00e4\u00e4toimittaja. T\u00e4m\u00e4 viikko on aikaa toimittaa juttuja edess\u00e4 olevaan lehteen. \u00a0Seuraavaksi k\u00e4vimme l\u00e4pi omia kansainv\u00e4lisi\u00e4 kisojamme. Para FO oli Pajulahdessa viime viikonlopulla ja kisa oli v\u00e4h\u00e4n isompi kuin viime vuonna &#8211; l\u00e4hes 150 pelaajaa 26 maasta. Kisa oli suosittu, mutta varattu kapasiteetti ei riitt\u00e4nyt isompaan. Oma organisaatiomme on rehellisesti todeten liian pieni, tuomareita my\u00f6ten. J\u00e4rjestelyt meniv\u00e4t kuitenkin hyvin ja osallistujat olivat tyytyv\u00e4isi\u00e4. Pajulahti on esteett\u00f6myyden n\u00e4k\u00f6kulmasta hyv\u00e4 paikka j\u00e4rjest\u00e4\u00e4 n\u00e4it\u00e4 kisoja, mutta hallin l\u00e4mp\u00f6tilan kanssa oli jonkin verran haasteita. Taloudellinen tulos on viel\u00e4 auki ja varsinkin kuljetus on nykys\u00e4\u00e4nt\u00f6jen mukaan kallista. Ensi vuonna emme j\u00e4rjest\u00e4 parakisaa.<\/p>\n<p>Finlandia Open pelataan marras-joulukuun vaihteessa. Mika R\u00e4s\u00e4nen on FO:n projektip\u00e4\u00e4llikk\u00f6, samassa roolissa kuin Sonja parakisoissa. Kilpailu k\u00e4yd\u00e4\u00e4n 30.11-3.12.2023 Kisakalliossa. Luokat ovat U21 (suora cup) ja miesten sek\u00e4 naisten kaksinpeli (PKO). Virolainen Rauno Poru vet\u00e4\u00e4 kilpailun. Markkinointia on tehty liitoille sek\u00e4 suoraan omille kontakteille eri maihin, mutta emme oikein osaa arvioida, houkuttelevatko pelk\u00e4t Euroopan rankingpisteet paikalle pelaajia Kisahan ei ole WTT-tapahtuma eik\u00e4 siit\u00e4 saa maailman rankingpisteit\u00e4. Jos kisa toteutuu (mik\u00e4 on ratkaistava lokakuun aikana), j\u00e4rjest\u00e4mme Lohjalla my\u00f6s liiton 85-vuotisjuhlat.<\/p>\n<p>Kolmas iso tapahtuma on veteraanien NETU-mestaruuskilpailut 19.-21. huhtikuuta 2024 Ruskeasuolla. Sonja ja Mika j\u00e4rjestelev\u00e4t kisaa projektit\u00f6in\u00e4 yhdess\u00e4. Ruskeasuon Valo-hotelli on kumppanimme ja siell\u00e4 on my\u00f6s kisan Get together party. Prospectus l\u00e4htee liikkeelle ihan kohta. Ilmoittautumisten vastaanottamiseen vaikuttaa se, mill\u00e4 softalla kilpailu vedet\u00e4\u00e4n. Vapaaehtoisia tarvitaan paljon mm. tuomareiksi. Kilpailun vet\u00e4ji\u00e4kin tarvitaan useampia, sill\u00e4 pelej\u00e4 on kahdessa hallissa ja paljon.<\/p>\n<p>Puhuimme my\u00f6s liiton Stiga-sopimuksen jatkamisesta. Nykyinen sopimus on voimassa vuoden 2024 loppuun. Malm\u00f6ssa Esko ja Sonja puhuivat Stigan kanssa ja vaikka uusi sopimus astuu voimaan vasta runsaan vuoden kuluttua, saamme \u201dennakkona\u201d Ruskeasuolle 12 uutta p\u00f6yt\u00e4\u00e4 siten, ett\u00e4 tarvittaessa ne ovat k\u00e4yt\u00f6ss\u00e4 jo Finlandia Openissa. My\u00f6s tuomarip\u00f6yd\u00e4t ja pistelaskurit uusitaan.<\/p>\n<p>Teemu Oinas totesi, ett\u00e4 TOP16 -kisa lauantaina 16. joulukuuta on vailla j\u00e4rjest\u00e4j\u00e4\u00e4. Samaan yhteyteen olisi hyv\u00e4 saada naisten TOP8. Mahtaisiko joku seura olla kiinnostunut n\u00e4iden j\u00e4rjest\u00e4misest\u00e4, kovin hankala j\u00e4rjestett\u00e4v\u00e4h\u00e4n se ei ole. Todettakoon, ett\u00e4 samaan aikaan py\u00f6rii juniorileiri Tuulim\u00e4ess\u00e4. Sunnuntaina 17.12 on juniori-TOP Ruskeasuolla.<\/p>\n<p>Viel\u00e4 vahvistimme, ett\u00e4 Turun Pallas sai pyyt\u00e4m\u00e4ns\u00e4 eron liitosta. Sen lis\u00e4ksi haluamme muistuttaa, ett\u00e4 jos Finlandia Open toteutuu, viet\u00e4mme liiton 85-vuotisjuhlat sen yhteydess\u00e4. Edelleen totean, ett\u00e4 t\u00e4h\u00e4n yhteyteen on toivottua, ett\u00e4 seurat hakevat liiton ansiomerkkej\u00e4 ansioituneille j\u00e4senilleen. Aikaa t\u00e4h\u00e4n on lokakuun loppuun.<\/p>\n<p>Liittohallitus kokoontuu seuraavat kerran 31. lokakuuta toimintasuunnitelma- ja budjettikokoukseen. Kimmo Arenius ei siihen kokoukseen, joten nyt istuttu runsas parituntinen j\u00e4\u00e4 h\u00e4nen viimeiseksi liittohallituksen kokouksekseen. Kiitimme pitk\u00e4aikaista s\u00e4\u00e4nt\u00f6valiokunnan puheenjohtajaa komeasta urasta.<\/p>\n","protected":false},"excerpt":{"rendered":"<p>Liittohallitus kokousti et\u00e4n\u00e4 tiistai-iltana. Alku oli mukava, sill\u00e4 saimme antaa uudelle toiminnanjohtaja Henri Pelkoselle paitsi tervetulotoivotukset liittoon, my\u00f6s onnittelut tuoreen avioliiton johdosta. Siit\u00e4 siirryttiin kokousrutiinien j\u00e4lkeen valiokuntien ajankohtaisiin asioihin. Ty\u00f6valiokunnassa on paitsi valmisteltu Henrin tuloa, my\u00f6s hoideltu Stiga-sopimusta ja puhuttu liiton ty\u00f6suhteista. Eskolla ja Sonjalla vier\u00e4hti EM-kisoissa tovi ja mennyt viikko kului Pajulahden parakisassa. Henrin &hellip; <a href=\"https:\/\/www.sptl.fi\/sptl_test\/?p=44330\" class=\"more-link\">Jatka lukemista <span class=\"screen-reader-text\">Tiedotusterveisi\u00e4<\/span> <span class=\"meta-nav\">&rarr;<\/span><\/a><\/p>\n","protected":false},"author":11,"featured_media":0,"comment_status":"open","ping_status":"open","sticky":false,"template":"","format":"standard","meta":{"ngg_post_thumbnail":0,"footnotes":""},"categories":[1],"tags":[],"_links":{"self":[{"href":"https:\/\/www.sptl.fi\/sptl_test\/index.php?rest_route=\/wp\/v2\/posts\/44330"}],"collection":[{"href":"https:\/\/www.sptl.fi\/sptl_test\/index.php?rest_route=\/wp\/v2\/posts"}],"about":[{"href":"https:\/\/www.sptl.fi\/sptl_test\/index.php?rest_route=\/wp\/v2\/types\/post"}],"author":[{"embeddable":true,"href":"https:\/\/www.sptl.fi\/sptl_test\/index.php?rest_route=\/wp\/v2\/users\/11"}],"replies":[{"embeddable":true,"href":"https:\/\/www.sptl.fi\/sptl_test\/index.php?rest_route=%2Fwp%2Fv2%2Fcomments&post=44330"}],"version-history":[{"count":0,"href":"https:\/\/www.sptl.fi\/sptl_test\/index.php?rest_route=\/wp\/v2\/posts\/44330\/revisions"}],"wp:attachment":[{"href":"https:\/\/www.sptl.fi\/sptl_test\/index.php?rest_route=%2Fwp%2Fv2%2Fmedia&parent=44330"}],"wp:term":[{"taxonomy":"category","embeddable":true,"href":"https:\/\/www.sptl.fi\/sptl_test\/index.php?rest_route=%2Fwp%2Fv2%2Fcategories&post=44330"},{"taxonomy":"post_tag","embeddable":true,"href":"https:\/\/www.sptl.fi\/sptl_test\/index.php?rest_route=%2Fwp%2Fv2%2Ftags&post=44330"}],"curies":[{"name":"wp","href":"https:\/\/api.w.org\/{rel}","templated":true}]}}