{"id":44430,"date":"2024-04-20T17:00:44","date_gmt":"2024-04-20T14:00:44","guid":{"rendered":"https:\/\/www.sptl.fi\/sptl_test\/?p=44430"},"modified":"2024-04-20T17:04:17","modified_gmt":"2024-04-20T14:04:17","slug":"italian-serie-a-2023-2024-aleksi-rasanen","status":"publish","type":"post","link":"https:\/\/www.sptl.fi\/sptl_test\/?p=44430","title":{"rendered":"Italian Serie A2 2023\/2024 &#8211; Aleksi R\u00e4s\u00e4nen"},"content":{"rendered":"<p><strong>Aleksi R\u00e4s\u00e4nen pelaa kaudella 2023\/2024 Suomen ja Ruotsin sarjojen lis\u00e4ksi my\u00f6s Italian Serie A2:sta. R\u00e4s\u00e4sen joukkue on viime kauden tapaan Tennistavolo Santa Tecla Nulvi. Joukkue osallistuu my\u00f6s Keski-Euroopan Inter Cupiin ja ETTU:n European Trophyyn.<\/strong><\/p>\n<p><img loading=\"lazy\" decoding=\"async\" class=\"alignnone size-large wp-image-44431\" src=\"https:\/\/www.sptl.fi\/sptl_test\/wp-content\/uploads\/Rasanen-Santa-Tekla-Nulvi-2023-1024x683.jpeg\" alt=\"\" width=\"604\" height=\"403\" srcset=\"https:\/\/www.sptl.fi\/sptl_test\/wp-content\/uploads\/Rasanen-Santa-Tekla-Nulvi-2023-1024x683.jpeg 1024w, https:\/\/www.sptl.fi\/sptl_test\/wp-content\/uploads\/Rasanen-Santa-Tekla-Nulvi-2023-300x200.jpeg 300w, https:\/\/www.sptl.fi\/sptl_test\/wp-content\/uploads\/Rasanen-Santa-Tekla-Nulvi-2023.jpeg 1384w\" sizes=\"(max-width: 604px) 100vw, 604px\" \/><\/p>\n<p><a href=\"http:\/\/portale.fitet.org\/risultati\/campionati\/campionati.php?CAM=4&amp;CONC=0\" target=\"_blank\" rel=\"noopener\"><strong>Otteluohjelma ja tulokset<\/strong><\/a><\/p>\n<p><strong>LIvestream seuran <a href=\"https:\/\/www.facebook.com\/ttstnulvi\" target=\"_blank\" rel=\"noopener\">Facebookissa<\/a> ja <a href=\"https:\/\/www.youtube.com\/@tennistavolosantateclanulv6653\/streams\" target=\"_blank\" rel=\"noopener\">YouTubessa<\/a><\/strong><\/p>\n<p><a href=\"https:\/\/www.ttic.eu\/tischtennis-inter-cup-pool-d-2023-24\/\" target=\"_blank\" rel=\"noopener\"><strong>Inter Cup<\/strong><\/a><\/p>\n<hr \/>\n<p><strong>20.4.2024<\/strong><\/p>\n<p>&#8221;Viimeinen Italian sarjapeli saatu p\u00e4\u00e4t\u00f6kseen. Tuloksena tasapeli 3-3 ja omien kaksinpelien saldona j\u00e4lleen voitto ja tappio. Tiimi sijoittuu sarjassa kolmanneksi tai nelj\u00e4nneksi. Ensi vuonna joukkue tavoittelee sarjan voittoa, joten jatkosopimusta ei minulle todenn\u00e4k\u00f6isesti t\u00e4ss\u00e4 joukkueessa tule. Katsotaan, mit\u00e4 liigoja ensi vuonna pelailen! Kuitenkin mukava kokemus, vaikka kauden aikana Italian pelit ei ole sujunut omalta osalta kovin hyvin.&#8221;<\/p>\n<p><strong>14.4.2024<\/strong><\/p>\n<p>&#8221;Tiimilt\u00e4 2-4 h\u00e4vi\u00f6. Omana saldona yksi voitto ja yksi tappio. Nousuhaaveet ainakin murskautui, pienell\u00e4 ep\u00e4onnella.&#8221;<\/p>\n<p><strong>13.4.2024<\/strong><\/p>\n<p>&#8221;Huomenna (14.4.) p\u00e4iv\u00e4ll\u00e4 Italian A2-liigan toisieksi viimeinen matsi. S\u00e4ilyminen ollaan varmistettu, mutta pienet saumat viel\u00e4 A1:een nousuun, jos voitetaan kaksi viimeist\u00e4 matsia.&#8221;<\/p>\n<p><strong>27.1.2024<\/strong><\/p>\n<p>&#8221;Tasuri 3-3. Itse voitin ensimm\u00e4isen pelin eritt\u00e4in hyv\u00e4ll\u00e4 pelill\u00e4, toisen h\u00e4visin 2-3. Todenn\u00e4k\u00f6isesti ainakin s\u00e4ilyt\u00e4\u00e4n sarjassa.&#8221;<\/p>\n<p><strong>4.11.2023<\/strong><\/p>\n<p>&#8221;Joukkueelle 0-4 -tappio, omat pelit 1-3 ja 2-3. Liikaa paineita, t\u00e4st\u00e4 vaan matka yl\u00f6sp\u00e4in.&#8221;<\/p>\n<p><strong>21.10.2023<\/strong><\/p>\n<p>&#8221;4-2 -tappio, heikko suoritus. Itselle tappiot nelj\u00e4nnen ja viidennen er\u00e4n jatkopalloilla. S\u00e4ilymisen kannalta eritt\u00e4in nihke\u00e4 suoritus.&#8221;<\/p>\n<p><strong>15.10.2023<\/strong><\/p>\n<p>&#8221;Tasapeli 3-3, Serie A:ssa voi p\u00e4\u00e4tty\u00e4 ennen playoffeja pelit tasan, neluria ei pelata.<br \/>\nPelattiin tiimin\u00e4 hyvin, kaikilta yksi voitto nassuun, mutta oli paikat 4-2 -voittoonkin.&#8221;<\/p>\n<p><strong>7.10.2023<\/strong><\/p>\n<p>&#8221;1-4 tuli takkiin lohkon kovimmalle vastukselle. Tiukka h\u00e4vi\u00f6 omasta pelist\u00e4 Italian U20-ykk\u00f6st\u00e4 vastaan. Oma sy\u00f6tt\u00f6 ei toiminu tarpeeksi hyvin ja vastustaja p\u00e4\u00e4si p\u00e4\u00e4lle liian usein.&#8221;<\/p>\n<p>&nbsp;<\/p>\n<blockquote class=\"instagram-media\" style=\"background: #FFF; border: 0; border-radius: 3px; box-shadow: 0 0 1px 0 rgba(0,0,0,0.5),0 1px 10px 0 rgba(0,0,0,0.15); margin: 1px; max-width: 540px; min-width: 326px; padding: 0; width: calc(100% - 2px);\" data-instgrm-captioned=\"\" data-instgrm-permalink=\"https:\/\/www.instagram.com\/reel\/CyIjPmpIvyo\/?utm_source=ig_embed&amp;utm_campaign=loading\" data-instgrm-version=\"14\">\n<div style=\"padding: 16px;\">\n<p>&nbsp;<\/p>\n<div style=\"display: flex; flex-direction: row; align-items: center;\">\n<div style=\"background-color: #f4f4f4; border-radius: 50%; flex-grow: 0; height: 40px; margin-right: 14px; width: 40px;\"><\/div>\n<div style=\"display: flex; flex-direction: column; flex-grow: 1; justify-content: center;\">\n<div style=\"background-color: #f4f4f4; border-radius: 4px; flex-grow: 0; height: 14px; margin-bottom: 6px; width: 100px;\"><\/div>\n<div style=\"background-color: #f4f4f4; border-radius: 4px; flex-grow: 0; height: 14px; width: 60px;\"><\/div>\n<\/div>\n<\/div>\n<div style=\"padding: 19% 0;\"><\/div>\n<div style=\"display: block; height: 50px; margin: 0 auto 12px; width: 50px;\"><\/div>\n<div style=\"padding-top: 8px;\">\n<div style=\"color: #3897f0; font-family: Arial,sans-serif; font-size: 14px; font-style: normal; font-weight: 550; line-height: 18px;\">N\u00e4yt\u00e4 t\u00e4m\u00e4 julkaisu Instagramissa<\/div>\n<\/div>\n<div style=\"padding: 12.5% 0;\"><\/div>\n<div style=\"display: flex; flex-direction: row; margin-bottom: 14px; align-items: center;\">\n<div>\n<div style=\"background-color: #f4f4f4; border-radius: 50%; height: 12.5px; width: 12.5px; transform: translateX(0px) translateY(7px);\"><\/div>\n<div style=\"background-color: #f4f4f4; height: 12.5px; transform: rotate(-45deg) translateX(3px) translateY(1px); width: 12.5px; flex-grow: 0; margin-right: 14px; margin-left: 2px;\"><\/div>\n<div style=\"background-color: #f4f4f4; border-radius: 50%; height: 12.5px; width: 12.5px; transform: translateX(9px) translateY(-18px);\"><\/div>\n<\/div>\n<div style=\"margin-left: 8px;\">\n<div style=\"background-color: #f4f4f4; border-radius: 50%; flex-grow: 0; height: 20px; width: 20px;\"><\/div>\n<div style=\"width: 0; height: 0; border-top: 2px solid transparent; border-left: 6px solid #f4f4f4; border-bottom: 2px solid transparent; transform: translateX(16px) translateY(-4px) rotate(30deg);\"><\/div>\n<\/div>\n<div style=\"margin-left: auto;\">\n<div style=\"width: 0px; border-top: 8px solid #F4F4F4; border-right: 8px solid transparent; transform: translateY(16px);\"><\/div>\n<div style=\"background-color: #f4f4f4; flex-grow: 0; height: 12px; width: 16px; transform: translateY(-4px);\"><\/div>\n<div style=\"width: 0; height: 0; border-top: 8px solid #F4F4F4; border-left: 8px solid transparent; transform: translateY(-4px) translateX(8px);\"><\/div>\n<\/div>\n<\/div>\n<div style=\"display: flex; flex-direction: column; flex-grow: 1; justify-content: center; margin-bottom: 24px;\">\n<div style=\"background-color: #f4f4f4; border-radius: 4px; flex-grow: 0; height: 14px; margin-bottom: 6px; width: 224px;\"><\/div>\n<div style=\"background-color: #f4f4f4; border-radius: 4px; flex-grow: 0; height: 14px; width: 144px;\"><\/div>\n<\/div>\n<p>&nbsp;<\/p>\n<p style=\"color: #c9c8cd; font-family: Arial,sans-serif; font-size: 14px; line-height: 17px; margin-bottom: 0; margin-top: 8px; overflow: hidden; padding: 8px 0 7px; text-align: center; text-overflow: ellipsis; white-space: nowrap;\"><a style=\"color: #c9c8cd; font-family: Arial,sans-serif; font-size: 14px; font-style: normal; font-weight: normal; line-height: 17px; text-decoration: none;\" href=\"https:\/\/www.instagram.com\/reel\/CyIjPmpIvyo\/?utm_source=ig_embed&amp;utm_campaign=loading\" target=\"_blank\" rel=\"noopener\">Henkil\u00f6n Aleksi R\u00e4s\u00e4nen (@rasanen.aleksi) jakama julkaisu<\/a><\/p>\n<\/div>\n<\/blockquote>\n<p><script async src=\"\/\/www.instagram.com\/embed.js\"><\/script><\/p>\n<p>&nbsp;<\/p>\n","protected":false},"excerpt":{"rendered":"<p>Aleksi R\u00e4s\u00e4nen pelaa kaudella 2023\/2024 Suomen ja Ruotsin sarjojen lis\u00e4ksi my\u00f6s Italian Serie A2:sta. R\u00e4s\u00e4sen joukkue on viime kauden tapaan Tennistavolo Santa Tecla Nulvi. Joukkue osallistuu my\u00f6s Keski-Euroopan Inter Cupiin ja ETTU:n European Trophyyn. Otteluohjelma ja tulokset LIvestream seuran Facebookissa ja YouTubessa Inter Cup 20.4.2024 &#8221;Viimeinen Italian sarjapeli saatu p\u00e4\u00e4t\u00f6kseen. Tuloksena tasapeli 3-3 ja omien &hellip; <a href=\"https:\/\/www.sptl.fi\/sptl_test\/?p=44430\" class=\"more-link\">Jatka lukemista <span class=\"screen-reader-text\">Italian Serie A2 2023\/2024 &#8211; Aleksi R\u00e4s\u00e4nen<\/span> <span class=\"meta-nav\">&rarr;<\/span><\/a><\/p>\n","protected":false},"author":282,"featured_media":0,"comment_status":"open","ping_status":"open","sticky":false,"template":"","format":"standard","meta":{"ngg_post_thumbnail":0,"footnotes":""},"categories":[14,19],"tags":[129],"_links":{"self":[{"href":"https:\/\/www.sptl.fi\/sptl_test\/index.php?rest_route=\/wp\/v2\/posts\/44430"}],"collection":[{"href":"https:\/\/www.sptl.fi\/sptl_test\/index.php?rest_route=\/wp\/v2\/posts"}],"about":[{"href":"https:\/\/www.sptl.fi\/sptl_test\/index.php?rest_route=\/wp\/v2\/types\/post"}],"author":[{"embeddable":true,"href":"https:\/\/www.sptl.fi\/sptl_test\/index.php?rest_route=\/wp\/v2\/users\/282"}],"replies":[{"embeddable":true,"href":"https:\/\/www.sptl.fi\/sptl_test\/index.php?rest_route=%2Fwp%2Fv2%2Fcomments&post=44430"}],"version-history":[{"count":0,"href":"https:\/\/www.sptl.fi\/sptl_test\/index.php?rest_route=\/wp\/v2\/posts\/44430\/revisions"}],"wp:attachment":[{"href":"https:\/\/www.sptl.fi\/sptl_test\/index.php?rest_route=%2Fwp%2Fv2%2Fmedia&parent=44430"}],"wp:term":[{"taxonomy":"category","embeddable":true,"href":"https:\/\/www.sptl.fi\/sptl_test\/index.php?rest_route=%2Fwp%2Fv2%2Fcategories&post=44430"},{"taxonomy":"post_tag","embeddable":true,"href":"https:\/\/www.sptl.fi\/sptl_test\/index.php?rest_route=%2Fwp%2Fv2%2Ftags&post=44430"}],"curies":[{"name":"wp","href":"https:\/\/api.w.org\/{rel}","templated":true}]}}