{"id":44641,"date":"2023-11-07T09:40:28","date_gmt":"2023-11-07T07:40:28","guid":{"rendered":"https:\/\/www.sptl.fi\/sptl_test\/?p=44641"},"modified":"2023-11-08T09:26:43","modified_gmt":"2023-11-08T07:26:43","slug":"valmentajailta-kysy-olahilta-8-11","status":"publish","type":"post","link":"https:\/\/www.sptl.fi\/sptl_test\/?p=44641","title":{"rendered":"Valmentajailta 8.11.2023 &#8211; kysy Benedek Ol\u00e1hilta-viel\u00e4 voi ilmoittautua"},"content":{"rendered":"<p><strong>Valmentajaillat palaavat pienelt\u00e4 tauolta. Syksyn ensimm\u00e4isess\u00e4 valmentajaillassa p\u00e4\u00e4st\u00e4\u00e4n kysym\u00e4\u00e4n Benedek \u201dPentti\u201d Olahilta ajatuksia ja kokemuksia harjoittelusta ja valmentautumisesta.<\/strong><\/p>\n<p><img loading=\"lazy\" decoding=\"async\" class=\"alignnone size-full wp-image-25148\" src=\"https:\/\/www.sptl.fi\/sptl_test\/wp-content\/uploads\/Benedek-Olah-Rio-2016-4.jpg\" alt=\"\" width=\"500\" height=\"375\" srcset=\"https:\/\/www.sptl.fi\/sptl_test\/wp-content\/uploads\/Benedek-Olah-Rio-2016-4.jpg 500w, https:\/\/www.sptl.fi\/sptl_test\/wp-content\/uploads\/Benedek-Olah-Rio-2016-4-300x225.jpg 300w\" sizes=\"(max-width: 500px) 100vw, 500px\" \/><\/p>\n<p><strong>Aika : 8.11 keskiviikko kello 19 alkaen<\/strong><\/p>\n<p>Tapahtuma toteutetaan teams-kokouksena. Ilmoittaudu mukaan laittamalla s\u00e4hk\u00f6postia <a href=\"mailto:info@sptl.fi\">info@sptl.fi.&nbsp; <\/a><\/p>\n<p>Voit ilmoittautua viel\u00e4 t\u00e4n\u00e4\u00e4n mukaan.<\/p>\n<p>Tapahtuma on kaikille avoin. T\u00e4m\u00e4 voisi sopia my\u00f6s seurojen junioripelaajille! Miettik\u00e4\u00e4 valmiiksi kysymyksi\u00e4.<\/p>\n<p>Tervetuloa<\/p>\n<p>Taneli Keinonen<\/p>\n<p>&nbsp;<\/p>\n","protected":false},"excerpt":{"rendered":"<p>Valmentajaillat palaavat pienelt\u00e4 tauolta. Syksyn ensimm\u00e4isess\u00e4 valmentajaillassa p\u00e4\u00e4st\u00e4\u00e4n kysym\u00e4\u00e4n Benedek \u201dPentti\u201d Olahilta ajatuksia ja kokemuksia harjoittelusta ja valmentautumisesta. Aika : 8.11 keskiviikko kello 19 alkaen Tapahtuma toteutetaan teams-kokouksena. Ilmoittaudu mukaan laittamalla s\u00e4hk\u00f6postia info@sptl.fi.&nbsp; Voit ilmoittautua viel\u00e4 t\u00e4n\u00e4\u00e4n mukaan. Tapahtuma on kaikille avoin. T\u00e4m\u00e4 voisi sopia my\u00f6s seurojen junioripelaajille! Miettik\u00e4\u00e4 valmiiksi kysymyksi\u00e4. Tervetuloa Taneli Keinonen &nbsp;<\/p>\n","protected":false},"author":14,"featured_media":0,"comment_status":"open","ping_status":"open","sticky":false,"template":"","format":"standard","meta":{"ngg_post_thumbnail":0,"footnotes":""},"categories":[1],"tags":[],"_links":{"self":[{"href":"https:\/\/www.sptl.fi\/sptl_test\/index.php?rest_route=\/wp\/v2\/posts\/44641"}],"collection":[{"href":"https:\/\/www.sptl.fi\/sptl_test\/index.php?rest_route=\/wp\/v2\/posts"}],"about":[{"href":"https:\/\/www.sptl.fi\/sptl_test\/index.php?rest_route=\/wp\/v2\/types\/post"}],"author":[{"embeddable":true,"href":"https:\/\/www.sptl.fi\/sptl_test\/index.php?rest_route=\/wp\/v2\/users\/14"}],"replies":[{"embeddable":true,"href":"https:\/\/www.sptl.fi\/sptl_test\/index.php?rest_route=%2Fwp%2Fv2%2Fcomments&post=44641"}],"version-history":[{"count":0,"href":"https:\/\/www.sptl.fi\/sptl_test\/index.php?rest_route=\/wp\/v2\/posts\/44641\/revisions"}],"wp:attachment":[{"href":"https:\/\/www.sptl.fi\/sptl_test\/index.php?rest_route=%2Fwp%2Fv2%2Fmedia&parent=44641"}],"wp:term":[{"taxonomy":"category","embeddable":true,"href":"https:\/\/www.sptl.fi\/sptl_test\/index.php?rest_route=%2Fwp%2Fv2%2Fcategories&post=44641"},{"taxonomy":"post_tag","embeddable":true,"href":"https:\/\/www.sptl.fi\/sptl_test\/index.php?rest_route=%2Fwp%2Fv2%2Ftags&post=44641"}],"curies":[{"name":"wp","href":"https:\/\/api.w.org\/{rel}","templated":true}]}}