{"id":45057,"date":"2023-10-25T11:09:22","date_gmt":"2023-10-25T08:09:22","guid":{"rendered":"https:\/\/www.sptl.fi\/sptl_test\/?p=45057"},"modified":"2023-10-25T11:09:22","modified_gmt":"2023-10-25T08:09:22","slug":"valmennuskoulutusta-laita-paivamaarat-muistiin","status":"publish","type":"post","link":"https:\/\/www.sptl.fi\/sptl_test\/?p=45057","title":{"rendered":"Valmennuskoulutusta &#8211; laita p\u00e4iv\u00e4m\u00e4\u00e4r\u00e4t muistiin"},"content":{"rendered":"<p><strong>Syksyn 2023 aikana on tarjolla useita valmennuskoulutustapahtumia niin liven\u00e4 kuin et\u00e4n\u00e4kin. Laita p\u00e4iv\u00e4m\u00e4\u00e4r\u00e4t muistiin ja muista ilmoittautua ajoissa. Lis\u00e4tiedot tapahtumista linkkien takaa.<\/strong><\/p>\n<p><img loading=\"lazy\" decoding=\"async\" class=\"alignnone size-large wp-image-45058\" src=\"https:\/\/www.sptl.fi\/sptl_test\/wp-content\/uploads\/Olah-FIN-1-and-coach-Bergqvist-1024x768.jpg\" alt=\"\" width=\"604\" height=\"453\" srcset=\"https:\/\/www.sptl.fi\/sptl_test\/wp-content\/uploads\/Olah-FIN-1-and-coach-Bergqvist-1024x768.jpg 1024w, https:\/\/www.sptl.fi\/sptl_test\/wp-content\/uploads\/Olah-FIN-1-and-coach-Bergqvist-300x225.jpg 300w, https:\/\/www.sptl.fi\/sptl_test\/wp-content\/uploads\/Olah-FIN-1-and-coach-Bergqvist-1536x1152.jpg 1536w, https:\/\/www.sptl.fi\/sptl_test\/wp-content\/uploads\/Olah-FIN-1-and-coach-Bergqvist-2048x1536.jpg 2048w\" sizes=\"(max-width: 604px) 100vw, 604px\" \/><\/p>\n<p><strong><a href=\"https:\/\/tapahtumat-coach-fi.pwire.fi\/tapahtumat\/valmentaa-kuin-nainen-mailapelit-seurailta-poytatennis-23\/\" target=\"_blank\" rel=\"noopener\">7.11. klo 17.30 &#8221;Valmentaa kuin nainen&#8221; -seurailta, Jyv\u00e4skyl\u00e4<\/a><\/strong><\/p>\n<p><strong><a href=\"https:\/\/www.sptl.fi\/sptl_test\/?p=44641\" target=\"_blank\" rel=\"noopener\">8.11. klo 19.00 Valmentajailta &#8221;Kysy Benedek Ol\u00e1hilta&#8221;, Teams<\/a><\/strong><\/p>\n<p><strong><a href=\"https:\/\/www.sptl.fi\/sptl_test\/?p=42851\" target=\"_blank\" rel=\"noopener\">11.\u201312.11. Valmentajakoulutusviikonloppu, Pajulahti<\/a><\/strong><\/p>\n<p><strong><a href=\"https:\/\/www.sptl.fi\/sptl_test\/?p=45026\" target=\"_blank\" rel=\"noopener\">16.12. klo 9.45 Valmentajap\u00e4iv\u00e4 \/ Junioreiden TOP-leiri, Espoo<\/a><\/strong><\/p>\n<p>&nbsp;<\/p>\n","protected":false},"excerpt":{"rendered":"<p>Syksyn 2023 aikana on tarjolla useita valmennuskoulutustapahtumia niin liven\u00e4 kuin et\u00e4n\u00e4kin. Laita p\u00e4iv\u00e4m\u00e4\u00e4r\u00e4t muistiin ja muista ilmoittautua ajoissa. Lis\u00e4tiedot tapahtumista linkkien takaa. 7.11. klo 17.30 &#8221;Valmentaa kuin nainen&#8221; -seurailta, Jyv\u00e4skyl\u00e4 8.11. klo 19.00 Valmentajailta &#8221;Kysy Benedek Ol\u00e1hilta&#8221;, Teams 11.\u201312.11. Valmentajakoulutusviikonloppu, Pajulahti 16.12. klo 9.45 Valmentajap\u00e4iv\u00e4 \/ Junioreiden TOP-leiri, Espoo &nbsp;<\/p>\n","protected":false},"author":282,"featured_media":0,"comment_status":"open","ping_status":"open","sticky":false,"template":"","format":"standard","meta":{"ngg_post_thumbnail":0,"footnotes":""},"categories":[9],"tags":[],"_links":{"self":[{"href":"https:\/\/www.sptl.fi\/sptl_test\/index.php?rest_route=\/wp\/v2\/posts\/45057"}],"collection":[{"href":"https:\/\/www.sptl.fi\/sptl_test\/index.php?rest_route=\/wp\/v2\/posts"}],"about":[{"href":"https:\/\/www.sptl.fi\/sptl_test\/index.php?rest_route=\/wp\/v2\/types\/post"}],"author":[{"embeddable":true,"href":"https:\/\/www.sptl.fi\/sptl_test\/index.php?rest_route=\/wp\/v2\/users\/282"}],"replies":[{"embeddable":true,"href":"https:\/\/www.sptl.fi\/sptl_test\/index.php?rest_route=%2Fwp%2Fv2%2Fcomments&post=45057"}],"version-history":[{"count":0,"href":"https:\/\/www.sptl.fi\/sptl_test\/index.php?rest_route=\/wp\/v2\/posts\/45057\/revisions"}],"wp:attachment":[{"href":"https:\/\/www.sptl.fi\/sptl_test\/index.php?rest_route=%2Fwp%2Fv2%2Fmedia&parent=45057"}],"wp:term":[{"taxonomy":"category","embeddable":true,"href":"https:\/\/www.sptl.fi\/sptl_test\/index.php?rest_route=%2Fwp%2Fv2%2Fcategories&post=45057"},{"taxonomy":"post_tag","embeddable":true,"href":"https:\/\/www.sptl.fi\/sptl_test\/index.php?rest_route=%2Fwp%2Fv2%2Ftags&post=45057"}],"curies":[{"name":"wp","href":"https:\/\/api.w.org\/{rel}","templated":true}]}}