{"id":45421,"date":"2023-11-08T12:35:03","date_gmt":"2023-11-08T10:35:03","guid":{"rendered":"https:\/\/www.sptl.fi\/sptl_test\/?p=45421"},"modified":"2023-11-08T12:38:32","modified_gmt":"2023-11-08T10:38:32","slug":"wtt-youth-contender-6-12-11-2023-senec-slovakia","status":"publish","type":"post","link":"https:\/\/www.sptl.fi\/sptl_test\/?p=45421","title":{"rendered":"WTT Youth Contender 6.-12.11.2023 Senec, Slovakia"},"content":{"rendered":"<h2>R\u00e4s\u00e4selle tappio viidennen jatkopalloilla<\/h2>\n<p><strong>Aleksi R\u00e4s\u00e4nen eteni alkulohkosta p\u00e4\u00e4kaavioon Slovakian Seneciss\u00e4 pelattavassa WTT Youth Contender -kisassa, mutta pelit p\u00e4\u00e4ttyiv\u00e4t ensimm\u00e4isen kierroksen niukkaan 2-3 -tappioon espanjalaista Marc Miroa vastaan.<\/strong><\/p>\n<p><img loading=\"lazy\" decoding=\"async\" class=\"alignnone size-full wp-image-35797\" src=\"https:\/\/www.sptl.fi\/sptl_test\/wp-content\/uploads\/Aleksi-Rasanen-WTT-Linz-3.jpg\" alt=\"\" width=\"1024\" height=\"683\" srcset=\"https:\/\/www.sptl.fi\/sptl_test\/wp-content\/uploads\/Aleksi-Rasanen-WTT-Linz-3.jpg 1024w, https:\/\/www.sptl.fi\/sptl_test\/wp-content\/uploads\/Aleksi-Rasanen-WTT-Linz-3-300x200.jpg 300w\" sizes=\"(max-width: 1024px) 100vw, 1024px\" \/><\/p>\n<p><strong>Keskiviikko 8.11. Main draw<\/strong><\/p>\n<p>R64 Aleksi RASANEN FIN &#8211; Marc MIRO ESP 2-3 (5-11, 11-6, 8-11, 11-9, 10-12)<\/p>\n<p>U19 WR: 154. Miro, 204. R\u00e4s\u00e4nen<\/p>\n<p>&#8221;Her\u00e4sin hieman kipe\u00e4n\u00e4, mutta ei haitannut peli\u00e4 hirve\u00e4sti. 7-3 viidenness\u00e4 ja 9-7 my\u00f6s korkea pallo k\u00e4mmenelle mut ei riit\u00e4 mental.&#8221;<\/p>\n<p><a href=\"https:\/\/worldtabletennis.com\/eventInfo?selectedTab=Draws&amp;eventId=2633\" target=\"_blank\" rel=\"noopener\"><strong>Ohjelma ja tulokset (aikaero 1 h)<\/strong><\/a><\/p>\n<p><a href=\"https:\/\/www.youtube.com\/@WTTGlobal\/streams\" target=\"_blank\" rel=\"noopener\"><strong>Livestream T1<\/strong><\/a><\/p>\n<p><a href=\"https:\/\/www.flickr.com\/photos\/wttglobal\/albums\" target=\"_blank\" rel=\"noopener\"><strong>Kuvagalleria<\/strong><\/a><\/p>\n<p><a href=\"https:\/\/www.ittf.com\/wp-content\/uploads\/2023\/11\/2023_45_YOU_MS.html\" target=\"_blank\" rel=\"noopener\"><strong>U19 World Ranking<\/strong><\/a><\/p>\n<hr \/>\n<p><strong>Tiistai 7.11. Group 20<\/strong><\/p>\n<p>Zhenlong LIU AUT &#8211; Yaroslav KRAVETS UKR 3-0 (11-7, 11-5, 11-3)<br \/>\nZhenlong LIU AUT &#8211; Aleksi RASANEN FIN 3-0 (11-6, 11-5, 11-3)<br \/>\nAleksi RASANEN FIN &#8211; Yaroslav KRAVETS UKR 3-0 (11-7, 11-8, 11-9)<\/p>\n<p>U19 WR: 125. Liu, 204. R\u00e4s\u00e4nen, 1429. Kravets<\/p>\n<p>R\u00e4s\u00e4nen poolikakkosena keskiviikkona pelattavaan p\u00e4\u00e4kaavioon.<\/p>\n<p>&#8221;Kolmas h\u00e4vi\u00f6 it\u00e4valtalaiselle, mutta ukrainalaista vastaan stabiili 3-0 -voitto hyv\u00e4ll\u00e4 pelill\u00e4.&#8221;<\/p>\n<p>&nbsp;<\/p>\n","protected":false},"excerpt":{"rendered":"<p>R\u00e4s\u00e4selle tappio viidennen jatkopalloilla Aleksi R\u00e4s\u00e4nen eteni alkulohkosta p\u00e4\u00e4kaavioon Slovakian Seneciss\u00e4 pelattavassa WTT Youth Contender -kisassa, mutta pelit p\u00e4\u00e4ttyiv\u00e4t ensimm\u00e4isen kierroksen niukkaan 2-3 -tappioon espanjalaista Marc Miroa vastaan. Keskiviikko 8.11. Main draw R64 Aleksi RASANEN FIN &#8211; Marc MIRO ESP 2-3 (5-11, 11-6, 8-11, 11-9, 10-12) U19 WR: 154. Miro, 204. R\u00e4s\u00e4nen &#8221;Her\u00e4sin hieman kipe\u00e4n\u00e4, &hellip; <a href=\"https:\/\/www.sptl.fi\/sptl_test\/?p=45421\" class=\"more-link\">Jatka lukemista <span class=\"screen-reader-text\">WTT Youth Contender 6.-12.11.2023 Senec, Slovakia<\/span> <span class=\"meta-nav\">&rarr;<\/span><\/a><\/p>\n","protected":false},"author":282,"featured_media":0,"comment_status":"open","ping_status":"open","sticky":false,"template":"","format":"standard","meta":{"ngg_post_thumbnail":0,"footnotes":""},"categories":[14,19],"tags":[107],"_links":{"self":[{"href":"https:\/\/www.sptl.fi\/sptl_test\/index.php?rest_route=\/wp\/v2\/posts\/45421"}],"collection":[{"href":"https:\/\/www.sptl.fi\/sptl_test\/index.php?rest_route=\/wp\/v2\/posts"}],"about":[{"href":"https:\/\/www.sptl.fi\/sptl_test\/index.php?rest_route=\/wp\/v2\/types\/post"}],"author":[{"embeddable":true,"href":"https:\/\/www.sptl.fi\/sptl_test\/index.php?rest_route=\/wp\/v2\/users\/282"}],"replies":[{"embeddable":true,"href":"https:\/\/www.sptl.fi\/sptl_test\/index.php?rest_route=%2Fwp%2Fv2%2Fcomments&post=45421"}],"version-history":[{"count":0,"href":"https:\/\/www.sptl.fi\/sptl_test\/index.php?rest_route=\/wp\/v2\/posts\/45421\/revisions"}],"wp:attachment":[{"href":"https:\/\/www.sptl.fi\/sptl_test\/index.php?rest_route=%2Fwp%2Fv2%2Fmedia&parent=45421"}],"wp:term":[{"taxonomy":"category","embeddable":true,"href":"https:\/\/www.sptl.fi\/sptl_test\/index.php?rest_route=%2Fwp%2Fv2%2Fcategories&post=45421"},{"taxonomy":"post_tag","embeddable":true,"href":"https:\/\/www.sptl.fi\/sptl_test\/index.php?rest_route=%2Fwp%2Fv2%2Ftags&post=45421"}],"curies":[{"name":"wp","href":"https:\/\/api.w.org\/{rel}","templated":true}]}}