{"id":46015,"date":"2024-04-01T06:00:24","date_gmt":"2024-04-01T03:00:24","guid":{"rendered":"https:\/\/www.sptl.fi\/sptl_test\/?p=46015"},"modified":"2024-03-26T07:53:10","modified_gmt":"2024-03-26T05:53:10","slug":"por-83n-mukaan-nimetaan-katu-keskustassa","status":"publish","type":"post","link":"https:\/\/www.sptl.fi\/sptl_test\/?p=46015","title":{"rendered":"POR-83:n mukaan nimet\u00e4\u00e4n katu keskustassa"},"content":{"rendered":"<p>Porin kaupunki on hyv\u00e4ksynyt voimaan tulevaksi t\u00e4n\u00e4\u00e4n 1.4. aloitteen, jonka perusteella keskustassa sijaitseva Porilaistenkatu muutetaan muotoon P\u00f6yt\u00e4tennis porilaistenkatu. Muutos laitettiin vireille viime vuonna seuran 40-vuotisjuhlan kunniaksi, mutta byrokratiaprosessi vei oletettua kauemmin aikaa.<br \/>\n<img loading=\"lazy\" decoding=\"async\" src=\"https:\/\/www.sptl.fi\/sptl_test\/wp-content\/uploads\/IMG_6017-Muokattu.png\" alt=\"\" width=\"250\" height=\"307\" class=\"alignleft size-full wp-image-46017\" \/><br \/>\n&#8221;Muutos ei ollut iso, mutta kaava on aina kaava, ja muutokseen menee oma aikansa&#8221;, toteaa Porin kaupungin kaavoitus-, maank\u00e4ytt\u00f6-, rakennus-, sek\u00e4 katuinsin\u00f6\u00f6ri Raimo Ala-Kyltti. Hienoa tietenkin, ett\u00e4 seura sai oman kadun l\u00e4helle entist\u00e4 harjoittelupaikkaansa Porin suomalaista yhteislyseota (nyk. Porin lukio). T\u00e4m\u00e4 toki luo pienoisen ennakkotapauksen, sill\u00e4 on jo ollut ilmassa huhuja, ett\u00e4 my\u00f6s porilaisseurat FC Jazz, BC Sisu, Porin Tarmo ja \u00c4ss\u00e4t olisivat havittelemassa omia katujaan. &#8221;P\u00f6yt\u00e4tennisseura kuitenkin iski hyv\u00e4\u00e4n saumaan, sill\u00e4 toisiin seuroihin liityvi\u00e4 kadunnimi\u00e4 ei oikein ole. Kynnys kadun nimen muuttamiseen aivan kokonaan on liian suuri&#8221;, Ala-Kyltti jatkaa.<\/p>\n<p>POR-83:ssa asia on otettu vastaan innostuneena, ja seura odottaa jo kovasti uusien katukylttien asennusta, joka tehd\u00e4\u00e4n kaupungilta saatujen tietojen mukaan vapun tienoilla. Seuran talous- ja markkinointivastaava Konsta Ojanen toteaa oman kadun olevan mahtava asia, ja l\u00e4htee seuran pop-up- pisteen sek\u00e4 megafonin kanssa heti illalla rekrytoimaan uusia j\u00e4seni\u00e4 kadun varrelle. Kannattaa tulla poikkeamaan!<\/p>\n<p>Karttapalveluissa uusi kadunnimi ei v\u00e4ltt\u00e4m\u00e4tt\u00e4 n\u00e4y aivan heti, joten tullessa seuraavaan p\u00f6yt\u00e4tenniskisaan Poriin, kannattaa kurvata Porin lukion vierest\u00e4 kulkevan seuran nimikkokadun kautta urheilutalolle ja n\u00e4hd\u00e4 katu omin silmin. Kiertoa tulee jokunen sata metri\u00e4.<\/p>\n<p>&#8221;Kes\u00e4ksi on suunnitteilla katupingistapahtuma, joka pidet\u00e4\u00e4n tietenkin meid\u00e4n omalla kadulla. Kes\u00e4ll\u00e4 ei lukion poikkikadulla liikennett\u00e4 juuri ole, joten paikka on siihen erit\u00e4in sopiva&#8221; kertoo seuran puheenjohtaja Juha Sepp\u00e4. &#8221;Joten tervetuloa vaan Poriin!&#8221;<\/p>\n","protected":false},"excerpt":{"rendered":"<p>Porin kaupunki on hyv\u00e4ksynyt voimaan tulevaksi t\u00e4n\u00e4\u00e4n 1.4. aloitteen, jonka perusteella keskustassa sijaitseva Porilaistenkatu muutetaan muotoon P\u00f6yt\u00e4tennis porilaistenkatu. Muutos laitettiin vireille viime vuonna seuran 40-vuotisjuhlan kunniaksi, mutta byrokratiaprosessi vei oletettua kauemmin aikaa. &#8221;Muutos ei ollut iso, mutta kaava on aina kaava, ja muutokseen menee oma aikansa&#8221;, toteaa Porin kaupungin kaavoitus-, maank\u00e4ytt\u00f6-, rakennus-, sek\u00e4 katuinsin\u00f6\u00f6ri Raimo &hellip; <a href=\"https:\/\/www.sptl.fi\/sptl_test\/?p=46015\" class=\"more-link\">Jatka lukemista <span class=\"screen-reader-text\">POR-83:n mukaan nimet\u00e4\u00e4n katu keskustassa<\/span> <span class=\"meta-nav\">&rarr;<\/span><\/a><\/p>\n","protected":false},"author":267,"featured_media":0,"comment_status":"open","ping_status":"open","sticky":false,"template":"","format":"standard","meta":{"ngg_post_thumbnail":0,"footnotes":""},"categories":[10,1,8],"tags":[],"_links":{"self":[{"href":"https:\/\/www.sptl.fi\/sptl_test\/index.php?rest_route=\/wp\/v2\/posts\/46015"}],"collection":[{"href":"https:\/\/www.sptl.fi\/sptl_test\/index.php?rest_route=\/wp\/v2\/posts"}],"about":[{"href":"https:\/\/www.sptl.fi\/sptl_test\/index.php?rest_route=\/wp\/v2\/types\/post"}],"author":[{"embeddable":true,"href":"https:\/\/www.sptl.fi\/sptl_test\/index.php?rest_route=\/wp\/v2\/users\/267"}],"replies":[{"embeddable":true,"href":"https:\/\/www.sptl.fi\/sptl_test\/index.php?rest_route=%2Fwp%2Fv2%2Fcomments&post=46015"}],"version-history":[{"count":0,"href":"https:\/\/www.sptl.fi\/sptl_test\/index.php?rest_route=\/wp\/v2\/posts\/46015\/revisions"}],"wp:attachment":[{"href":"https:\/\/www.sptl.fi\/sptl_test\/index.php?rest_route=%2Fwp%2Fv2%2Fmedia&parent=46015"}],"wp:term":[{"taxonomy":"category","embeddable":true,"href":"https:\/\/www.sptl.fi\/sptl_test\/index.php?rest_route=%2Fwp%2Fv2%2Fcategories&post=46015"},{"taxonomy":"post_tag","embeddable":true,"href":"https:\/\/www.sptl.fi\/sptl_test\/index.php?rest_route=%2Fwp%2Fv2%2Ftags&post=46015"}],"curies":[{"name":"wp","href":"https:\/\/api.w.org\/{rel}","templated":true}]}}