{"id":6447,"date":"2017-06-07T18:50:25","date_gmt":"2017-06-07T15:50:25","guid":{"rendered":"https:\/\/www.sptl.fi\/sptl_test\/?p=6447"},"modified":"2017-06-20T11:47:23","modified_gmt":"2017-06-20T08:47:23","slug":"kilpailuiden-hakeminen-kaudelle-2017-2018","status":"publish","type":"post","link":"https:\/\/www.sptl.fi\/sptl_test\/?p=6447","title":{"rendered":"Kilpailukalenteri kaudelle 2017-2018"},"content":{"rendered":"<p>Alla p\u00e4ivitetty tilanne kisahakemusten osalta (tilanne 7.6.2017). Kalenteriin on tehty yksi isompi muutos syksylle, kun ensi kaudella ensimm\u00e4ist\u00e4 kertaa j\u00e4rjestett\u00e4v\u00e4 DE-luokkien SM-kisa siirrettiin syyskuulle ja Syksyn startti siirtyi pelattavaksi 2.9.<\/p>\n<p><strong>Liite: <a href=\"https:\/\/www.sptl.fi\/sptl_test\/wp-content\/uploads\/Kilpailukalenteri_2017-2018-3.xls\">kilpailukalenteri<\/a><br \/>\n<\/strong><\/p>\n<p>Kalenteriin otetaan viel\u00e4 muutosehdotuksia parin viikon ajan, jonka j\u00e4lkeen kalenteri p\u00e4ivitet\u00e4\u00e4n liiton tapahtumakalenteriin. Mik\u00e4li havaitsette kalenterin rungossa selkeit\u00e4 virheit\u00e4 tai p\u00e4\u00e4llekk\u00e4isyyksi\u00e4, ottakaa yhteytt\u00e4. Sarjaviikonloppujen lopulliset j\u00e4rjest\u00e4j\u00e4t p\u00e4\u00e4tet\u00e4\u00e4n l\u00e4hiaikoina yhdess\u00e4 sarjajaoston kanssa.<\/p>\n<p>Hallitus on alustavasti p\u00e4\u00e4tt\u00e4nyt SM-kisojen j\u00e4rjest\u00e4j\u00e4t. Osalla kisoista ei ollut kuin yksi hakija, ja n\u00e4m\u00e4 kisat meniv\u00e4t automaattisesti kisaa hakeneelle seuralle.<br \/>\n16-17.9 DE- SM, j\u00e4rjest\u00e4j\u00e4 KoKa<br \/>\n21-22.10 BC-SM, j\u00e4rjest\u00e4j\u00e4 OPT-86<br \/>\n28-29.10 Joukkue ja A-SM, j\u00e4rjest\u00e4j\u00e4 MBF<br \/>\n25.11 Veteraanien joukkue SM, j\u00e4rjest\u00e4j\u00e4 PTS-60<br \/>\n27-28.1 Veteraanien henkil\u00f6kohtainen SM, j\u00e4rjest\u00e4j\u00e4 PT 75<br \/>\n3-4.3 Henkil\u00f6kohtainen SM, j\u00e4rjest\u00e4j\u00e4 MBF<br \/>\n24-25.3 13- ja 15 vuotiaiden SM, ei toistaiseksi j\u00e4rjest\u00e4j\u00e4\u00e4<br \/>\n5-6.5 Nappulaliiga ja 17-SM, j\u00e4rjest\u00e4j\u00e4 Oulu<\/p>\n<p>&nbsp;<\/p>\n","protected":false},"excerpt":{"rendered":"<p>Alla p\u00e4ivitetty tilanne kisahakemusten osalta (tilanne 7.6.2017). Kalenteriin on tehty yksi isompi muutos syksylle, kun ensi kaudella ensimm\u00e4ist\u00e4 kertaa j\u00e4rjestett\u00e4v\u00e4 DE-luokkien SM-kisa siirrettiin syyskuulle ja Syksyn startti siirtyi pelattavaksi 2.9. Liite: kilpailukalenteri Kalenteriin otetaan viel\u00e4 muutosehdotuksia parin viikon ajan, jonka j\u00e4lkeen kalenteri p\u00e4ivitet\u00e4\u00e4n liiton tapahtumakalenteriin. Mik\u00e4li havaitsette kalenterin rungossa selkeit\u00e4 virheit\u00e4 tai p\u00e4\u00e4llekk\u00e4isyyksi\u00e4, ottakaa yhteytt\u00e4. &hellip; <a href=\"https:\/\/www.sptl.fi\/sptl_test\/?p=6447\" class=\"more-link\">Jatka lukemista <span class=\"screen-reader-text\">Kilpailukalenteri kaudelle 2017-2018<\/span> <span class=\"meta-nav\">&rarr;<\/span><\/a><\/p>\n","protected":false},"author":7,"featured_media":0,"comment_status":"open","ping_status":"open","sticky":false,"template":"","format":"standard","meta":{"ngg_post_thumbnail":0,"footnotes":""},"categories":[4],"tags":[],"_links":{"self":[{"href":"https:\/\/www.sptl.fi\/sptl_test\/index.php?rest_route=\/wp\/v2\/posts\/6447"}],"collection":[{"href":"https:\/\/www.sptl.fi\/sptl_test\/index.php?rest_route=\/wp\/v2\/posts"}],"about":[{"href":"https:\/\/www.sptl.fi\/sptl_test\/index.php?rest_route=\/wp\/v2\/types\/post"}],"author":[{"embeddable":true,"href":"https:\/\/www.sptl.fi\/sptl_test\/index.php?rest_route=\/wp\/v2\/users\/7"}],"replies":[{"embeddable":true,"href":"https:\/\/www.sptl.fi\/sptl_test\/index.php?rest_route=%2Fwp%2Fv2%2Fcomments&post=6447"}],"version-history":[{"count":0,"href":"https:\/\/www.sptl.fi\/sptl_test\/index.php?rest_route=\/wp\/v2\/posts\/6447\/revisions"}],"wp:attachment":[{"href":"https:\/\/www.sptl.fi\/sptl_test\/index.php?rest_route=%2Fwp%2Fv2%2Fmedia&parent=6447"}],"wp:term":[{"taxonomy":"category","embeddable":true,"href":"https:\/\/www.sptl.fi\/sptl_test\/index.php?rest_route=%2Fwp%2Fv2%2Fcategories&post=6447"},{"taxonomy":"post_tag","embeddable":true,"href":"https:\/\/www.sptl.fi\/sptl_test\/index.php?rest_route=%2Fwp%2Fv2%2Ftags&post=6447"}],"curies":[{"name":"wp","href":"https:\/\/api.w.org\/{rel}","templated":true}]}}