{"id":8019,"date":"2017-10-02T19:46:30","date_gmt":"2017-10-02T16:46:30","guid":{"rendered":"https:\/\/www.sptl.fi\/sptl_test\/?p=8019"},"modified":"2017-10-07T16:34:35","modified_gmt":"2017-10-07T13:34:35","slug":"liikuntavammaisten-em-lasko-slovenia-26-9-5-10-2017","status":"publish","type":"post","link":"https:\/\/www.sptl.fi\/sptl_test\/?p=8019","title":{"rendered":"Liikuntavammaisten EM &#8211; Esalle ja Ismolle joukkuepronssia"},"content":{"rendered":"<p>&nbsp;<\/p>\n<p><img loading=\"lazy\" decoding=\"async\" class=\"alignnone size-medium wp-image-8020\" src=\"https:\/\/www.sptl.fi\/sptl_test\/wp-content\/uploads\/WhatsApp-Image-2017-09-27-at-22.21.06-284x300.jpeg\" alt=\"\" width=\"284\" height=\"300\" srcset=\"https:\/\/www.sptl.fi\/sptl_test\/wp-content\/uploads\/WhatsApp-Image-2017-09-27-at-22.21.06-284x300.jpeg 284w, https:\/\/www.sptl.fi\/sptl_test\/wp-content\/uploads\/WhatsApp-Image-2017-09-27-at-22.21.06-970x1024.jpeg 970w, https:\/\/www.sptl.fi\/sptl_test\/wp-content\/uploads\/WhatsApp-Image-2017-09-27-at-22.21.06.jpeg 1515w\" sizes=\"(max-width: 284px) 100vw, 284px\" \/><\/p>\n<div class=\"fb-like fb_iframe_widget\" data-href=\"http:\/\/www.vammaisurheilu.fi\/ajankohtaista\/uutiset\/10-uutinen\/4909-lallolle-ja-miettiselle-liikuntavammaisten-em-joukkuepronssia-slovakiassa\" data-layout=\"button_count\" data-action=\"like\" data-show-faces=\"false\" data-share=\"false\" data-relation=\"noindex\"><strong>Ismo Lallo<\/strong>\u00a0ja\u00a0<strong>Esa Miettinen<\/strong>\u00a0voittivat TM9-luokan joukkuekilpailun pronssia parap\u00f6yt\u00e4tenniksen EM-kisoissa Sloveniassa. V\u00e4lier\u00e4ss\u00e4 suomalaiset taipuivat Italian parille suoraan voitoin 0\u20132. Kisoissa ei tunneta pronssiottelua, joten v\u00e4lierien h\u00e4vinneet joukkueet Suomi ja Ruotsi saivat pronssia. Finaalissa ovat vastakkain Italia ja Belgia.<\/div>\n<p>Lallon ja Miettisen vuosi on ollut menestyksek\u00e4s, sill\u00e4 he voittivat aiemmin t\u00e4ll\u00e4 kaudella jo MM-pronssia joukkuekisassa.<\/p>\n<p>Aiemmin Laskossa pelatuissa kaksinpeleiss\u00e4 Miettinen oli l\u00e4hell\u00e4 mitalia sijoittuen jaetulle viidennelle sijalle. Seuraavalla maailman rankinglistalla Miettinen nousee kirkkaasti kymmenen parhaan joukkoon. T\u00e4ll\u00e4 hetkell\u00e4 Euroopan k\u00e4rki on yht\u00e4 kuin maailman k\u00e4rki.<\/p>\n<p><em>Martti Autio (lainattu VAU:n sivuilta)<\/em><\/p>\n<h3>KAKSINPELI<\/h3>\n<p><strong>SM9-luokka, l<\/strong><strong>ohko C<\/strong><\/p>\n<ul>\n<li>Mohamed Amine Kalem Italia\u2013Ismo Lallo Suomi 3\u20131 (11\u20132, 11\u20135, 13\u201315, 11\u20133)<\/li>\n<li>Daniel Gustafsson Ruotsi\u2013Lallo Suomi 3\u20131 (9\u201311, 11\u20131, 11\u20133, 11\u20136)<\/li>\n<li>Lev Kats Ukraina\u2013Lallo Suomi 3\u20132 (10\u201312, 11\u20131, 7\u201311, 11\u20139, 11\u20134)<\/li>\n<\/ul>\n<p>Lallo ei selviytynyt lohkosta jatkoon.<\/p>\n<p><strong>Lohko D<\/strong><\/p>\n<ul>\n<li>Juan Bautista Perez Gonzalez Espanja\u2013Esa Miettinen Suomi 3\u20130 (12\u201310, 11\u20134, 11\u20137)<\/li>\n<li>Miettinen Suomi\u2013Yannik Ruddenklau Saksa 3\u20130 (11\u20135, 11\u20139, 11\u20137)<\/li>\n<li>Miettinen Suomi\u2013Pawel Konstantyn Puola 3\u20132 (8\u201311, 7\u201311, 11\u20139, 11\u20135, 11\u20135)<\/li>\n<\/ul>\n<p>Miettinen eteni puoliv\u00e4lieriin:<\/p>\n<ul>\n<li>Iurii Nozdrunov Ven\u00e4j\u00e4\u2013Miettinen Suomi 3\u20131 (11\u20139, 11\u201313, 11\u20136, 12\u201310)<\/li>\n<\/ul>\n<p>Miettinen sijoittui jaetulle viidennelle sijalle.<\/p>\n<h3>JOUKKUEKILPAILU<\/h3>\n<p><strong>TM9-luokka, l<\/strong><strong>ohko A<\/strong><\/p>\n<ul>\n<li>Laurens Devos\/Ben Ashok Despineux Belgia\u2013Esa Miettinen\/Ismo Lallo Suomi 2\u20130<\/li>\n<li>Miettinen\/Lallo Suomi\u2013Aviv Gordon\/Samuel Shur Israel 2\u20130<\/li>\n<\/ul>\n<p>Miettinen ja Lallo v\u00e4lieriin:<\/p>\n<ul>\n<li>Mohamed Amine Kalem\/Samuel De Chiara Italia\u2013Miettinen\/Lallo Suomi 2\u20130<\/li>\n<\/ul>\n<p>Miettiselle ja Lallolle EM-pronssia.<\/p>\n<p>&#8212;&#8212;&#8212;&#8212;&#8212;&#8212;&#8212;&#8212;&#8212;&#8212;&#8212;&#8212;&#8212;&#8212;&#8212;&#8212;&#8212;&#8211;<\/p>\n<p>Joukkue Ismo Lallo \u2013 Esa Miettinen varmisti Suomelle mitalin voittamalla poolin ratkaisuottelussa Israelin puhtaasti 2-0. Ottelu aloitettiin nelinpelill\u00e4, jossa suomalaisten 3-0 (11-8, 13-11, 11-4) voiton avaimena oli onnistunut taktiikka. Vastustajien peliesityksi\u00e4 oli otettu nauhalle edellisin\u00e4 p\u00e4ivin\u00e4 ja niiden avulla l\u00f6ydettiin israelilaisten puolustuksen heikot kohdat. Nelinpelin j\u00e4lkeisess\u00e4 kaksinpeliss\u00e4 Esa Miettinen ei antanut mahdollisuuksia Israelin Samuel Shurille ja voitti ottelun my\u00f6s ilman er\u00e4tappiota 3-0 (11-9, 11-8, 11-6). N\u00e4in toista kaksinpeli\u00e4 ei tarvittu pelata. Tiistaina Suomi kohtaa v\u00e4lier\u00e4ss\u00e4 kisojen kakkossijoitetun Italian Suomen aikaa klo 13.30 p\u00f6yd\u00e4ll\u00e4 9. Toisessa v\u00e4lier\u00e4ss\u00e4 kohtaavat Belgia ja Ruotsi.<\/p>\n<hr \/>\n<p>Suomen joukkue Ismo Lallo \u2013 Esa Miettinen aloittaa joukkuekilpailun maanantaina aamulla klo 10 Suomen aikaa kilpailujen ykk\u00f6ssijoitettua ja kahden vuoden takaista Euroopan mestarijoukkuetta Belgiaa vastaan. Illalla alkupoolin toisessa ottelussa vastassa on Israel klo 17. Suomen joukkue l\u00e4htee kilpailuun nelossijoitettuna. Ottelu aloitetaan nelinpelill\u00e4. Sen j\u00e4lkeen on vuorossa kaksinpeli ja tarvittaessa toinen kaksinpeli. Joukkueen Lallo-Miettinen aiempiin joukkuemeriitteihin kuuluvat v. 2015 EM-hopea ja t\u00e4m\u00e4n vuoden MM-pronssi.<\/p>\n<hr \/>\n<p>Tuloksia 30.9.<\/p>\n<p>Esa Miettinen h\u00e4visi puoliv\u00e4lier\u00e4ottelun tuoreimman maailman ratinglistan kakkoselle Ven\u00e4j\u00e4n Yuri Nozdrunoville 1-3 (9-11, 13-11, 6-11, 11-13). Ottelu oli eritt\u00e4in korkeatasoinen. Er\u00e4luvuistakin voi p\u00e4\u00e4tell\u00e4, ett\u00e4 ottelu oli hyvin tasainen ja Esan voitettavissa. Taktiikkana oli sy\u00f6tt\u00e4\u00e4 p\u00e4\u00e4asiassa lyhyit\u00e4 sy\u00f6tt\u00f6j\u00e4 keskelle ja k\u00e4mmenelle ja sy\u00f6t\u00f6npalautuksesta avata palloralli voimakaskierteisell\u00e4 ly\u00f6nnill\u00e4 p\u00e4\u00e4asiassa Yurin rystylle ja keskelle. Vastustajan sy\u00f6t\u00f6ist\u00e4 puolestaan haettiin heti hy\u00f6kk\u00e4yst\u00e4 samoihin osoitteisiin. Taktiikka toimi p\u00e4\u00e4osin hyvin, mutta vastustaja p\u00e4\u00e4si muutaman kerran liikaa k\u00e4ytt\u00e4m\u00e4\u00e4n vahvaa k\u00e4mmenasettaan.<\/p>\n<p>Esalla oli nelj\u00e4nness\u00e4 er\u00e4ss\u00e4 er\u00e4pallo tilanteessa 10-9. Er\u00e4n tappio j\u00e4i harmittamaan. Vastustajan kehonkielest\u00e4 oli aistittavissa, ett\u00e4 Esa oli p\u00e4\u00e4ssyt ns. ihon alle. Olisi ollut kovin mielenkiintoista n\u00e4hd\u00e4 viides ja ratkaiseva er\u00e4.<\/p>\n<p>Esan otteet kilpailussa ovat osoituksena siit\u00e4, ett\u00e4 h\u00e4n noussut uudelleen maailman ehdottoman huipun tuntumaan. T\u00e4ll\u00e4 hetkell\u00e4 Euroopan huippu on yht\u00e4 kuin maailman huippu. Esimerkiksi Rion paralympialaisten kaikki mitalit l\u00f6ysiv\u00e4t osoitteensa maanosastamme.<\/p>\n<hr \/>\n<p>Lauantaina klo 10.45 Suomen aikaa puoliv\u00e4lier\u00e4ss\u00e4 Esa Miettisell\u00e4 on vastassa kisojen kakkossijoitettu Ven\u00e4j\u00e4n Yuri Nozdrunov. Livestreamilla p\u00f6yt\u00e4 12.\u00a0<a href=\"http:\/\/www.epint2017.com\/live-stream.html\">http:\/\/www.epint2017.com\/live-stream.html<\/a><\/p>\n<p>Tuloksia 29.9.<\/p>\n<p>Ismo Lallo h\u00e4visi poolin viimeisess\u00e4 ottelussa Rion paralympialaisten pronssimiehelle Italian Amine Kalemille 1-3 ja tippui jatkosta. Hyv\u00e4\u00e4 Ismon otteluissa oli se, ett\u00e4 h\u00e4n pystyi ottamaan er\u00e4n tai kaksi kaikilta vastustajista. Esa Miettinen voitti poolin viimeisess\u00e4 ottelussa Saksan nuoren Yannik Ruddenklaun puhtaasti 3-0. Ottelussa Esa hallitsi peli\u00e4 varsinkin omilla sy\u00f6tt\u00f6vuoroillaan. Sy\u00f6t\u00f6t olivat lyhyit\u00e4 ja tehokkaita, joiden avulla Esa p\u00e4\u00e4si avaamaan pallon voimakaskierteisill\u00e4 rystyly\u00f6nneill\u00e4. Pitk\u00e4t pallorallit olivat Esan heini\u00e4. Esa selvitti tiens\u00e4 cup-vaiheeseen kahdeksan parhaan joukkoon. Arvonnat valmistuvat iltap\u00e4iv\u00e4ll\u00e4. Puoliv\u00e4lier\u00e4ottelut pelataan lauantaina aamulla. Kaikki loput ottelut ja mitalisijat ratkaistaan lauantain aikana.<\/p>\n<hr \/>\n<p>Tuloksia 28.9.<\/p>\n<p>Ismo Lallo &#8211; Lev Kats UKR 2-3 (14-12, 1-11, 11-8, 9-11, 6-11)<br \/>\nEsa Miettinen &#8211; Juan Perez ESP 0-3 (10-12, 4-11, 7-11)<br \/>\nIsmo Lallo &#8211; Daniel Gustafsson SWE 1-3 (11-9, 1-11, 3-11, 6-11)<br \/>\nEsa Miettinen &#8211; Pawel Konstantyn POL 3-2 (8-11, 7-11, 11-9, 11-5, 11-5)<\/p>\n<p>Valmentajan kommentit: P\u00e4iv\u00e4n ekassa Esa nousi hienosti kuilun partaalta h\u00e4viten kaksi ensimm\u00e4ist\u00e4 er\u00e4\u00e4 ja voitti loput kolme er\u00e4\u00e4 tiukkojen vaiheiden j\u00e4lkeen, mutta lopulta voitti kaksi viimeist\u00e4 er\u00e4\u00e4 selke\u00e4sti 11-5. Ratkaisuer\u00e4ss\u00e4 Esa oli aluksi tappiolla 0-3. Toisessa ottelussa Rion paralympialaisten nelonen Juan Perez voitti py\u00f6re\u00e4n ottelun lopulta 3-0. Esa johti ensimm\u00e4ist\u00e4 er\u00e4\u00e4 loppua lukuunottamatta koko ajan. Se meni kuitenkin espanjalaiselle 12-10. Esalla on mahdollisuudet jatkoon huomenna voittamalla Saksan Yannik Ruddenklau. Sitten valmentajan kommentit Ismosta: Ismo vei Ruotsin ykk\u00f6spelaajalta ensimm\u00e4isen er\u00e4n. Ismon 4-0 johto nelj\u00e4nness\u00e4 er\u00e4ss\u00e4 ei riitt\u00e4nyt. Ottelu Gustafssonille 3-1. P\u00e4iv\u00e4n toisessa ottelussa Ismo oli l\u00e4hell\u00e4 yll\u00e4tyst\u00e4 Ukrainan Katsia vastaan. H\u00e4n johti erin 2-1 ja nelj\u00e4tt\u00e4 7-4. Ismon v\u00e4h\u00e4inen kilpailurutiini n\u00e4kyi ottelun lopussa. Kats vei ottelun 3-2.<\/p>\n<hr \/>\n<p>Esa kohtaa kaksinpeliss\u00e4 Rion nelosen Perez-Gonzalesin. Saksan Ruddenklau ja Puolan Konstantyn haastavat poolin kolmos- ja nelospaikoilta. Ismon poolissa on Rion pronssimitalisti Kalem Italiasta. Ruotsin Gustafsson ja Ukrainan Kats t\u00e4ydent\u00e4v\u00e4t lohkon. Lohkoista menee kaksi parasta jatkopeleihin. Lohkoja on 9-luokassa nelj\u00e4 kappaletta. Ottelut alkavat huomenna torstaina.<\/p>\n<p>Livel\u00e4hetys:\u00a0<a href=\"http:\/\/www.epint2017.com\/live-stream.html\">http:\/\/www.epint2017.com\/live-stream.html<\/a><br \/>\nKotisivu:\u00a0<a href=\"http:\/\/www.epint2017.com\/\">http:\/\/www.epint2017.com\/<\/a><br \/>\nArvonnat:\u00a0<a href=\"http:\/\/www.epint2017.com\/uploads\/4\/2\/7\/3\/42736241\/epint_single.pdf\">http:\/\/www.epint2017.com\/uploads\/4\/2\/7\/3\/42736241\/epint_single.pdf<\/a><\/p>\n","protected":false},"excerpt":{"rendered":"<p>&nbsp; Ismo Lallo\u00a0ja\u00a0Esa Miettinen\u00a0voittivat TM9-luokan joukkuekilpailun pronssia parap\u00f6yt\u00e4tenniksen EM-kisoissa Sloveniassa. V\u00e4lier\u00e4ss\u00e4 suomalaiset taipuivat Italian parille suoraan voitoin 0\u20132. Kisoissa ei tunneta pronssiottelua, joten v\u00e4lierien h\u00e4vinneet joukkueet Suomi ja Ruotsi saivat pronssia. Finaalissa ovat vastakkain Italia ja Belgia. Lallon ja Miettisen vuosi on ollut menestyksek\u00e4s, sill\u00e4 he voittivat aiemmin t\u00e4ll\u00e4 kaudella jo MM-pronssia joukkuekisassa. Aiemmin Laskossa &hellip; <a href=\"https:\/\/www.sptl.fi\/sptl_test\/?p=8019\" class=\"more-link\">Jatka lukemista <span class=\"screen-reader-text\">Liikuntavammaisten EM &#8211; Esalle ja Ismolle joukkuepronssia<\/span> <span class=\"meta-nav\">&rarr;<\/span><\/a><\/p>\n","protected":false},"author":12,"featured_media":0,"comment_status":"open","ping_status":"open","sticky":false,"template":"","format":"standard","meta":{"ngg_post_thumbnail":0,"footnotes":""},"categories":[18],"tags":[],"_links":{"self":[{"href":"https:\/\/www.sptl.fi\/sptl_test\/index.php?rest_route=\/wp\/v2\/posts\/8019"}],"collection":[{"href":"https:\/\/www.sptl.fi\/sptl_test\/index.php?rest_route=\/wp\/v2\/posts"}],"about":[{"href":"https:\/\/www.sptl.fi\/sptl_test\/index.php?rest_route=\/wp\/v2\/types\/post"}],"author":[{"embeddable":true,"href":"https:\/\/www.sptl.fi\/sptl_test\/index.php?rest_route=\/wp\/v2\/users\/12"}],"replies":[{"embeddable":true,"href":"https:\/\/www.sptl.fi\/sptl_test\/index.php?rest_route=%2Fwp%2Fv2%2Fcomments&post=8019"}],"version-history":[{"count":0,"href":"https:\/\/www.sptl.fi\/sptl_test\/index.php?rest_route=\/wp\/v2\/posts\/8019\/revisions"}],"wp:attachment":[{"href":"https:\/\/www.sptl.fi\/sptl_test\/index.php?rest_route=%2Fwp%2Fv2%2Fmedia&parent=8019"}],"wp:term":[{"taxonomy":"category","embeddable":true,"href":"https:\/\/www.sptl.fi\/sptl_test\/index.php?rest_route=%2Fwp%2Fv2%2Fcategories&post=8019"},{"taxonomy":"post_tag","embeddable":true,"href":"https:\/\/www.sptl.fi\/sptl_test\/index.php?rest_route=%2Fwp%2Fv2%2Ftags&post=8019"}],"curies":[{"name":"wp","href":"https:\/\/api.w.org\/{rel}","templated":true}]}}