{"id":1919,"date":"2016-08-22T15:08:40","date_gmt":"2016-08-22T12:08:40","guid":{"rendered":"http:\/\/www.sptl.fi\/sptl_uudet\/?p=1919"},"modified":"2016-08-22T15:32:34","modified_gmt":"2016-08-22T12:32:34","slug":"tuulimaen-leiri-20-21-8","status":"publish","type":"post","link":"https:\/\/www.sptl.fi\/sptl_uudet\/?p=1919","title":{"rendered":"Tuulim\u00e4en leiri 20-21.8"},"content":{"rendered":"<p>Liiton kauden avausleiri j\u00e4rjestettiin 20-21.8 Espoon Tuulim\u00e4ess\u00e4. Tuulim\u00e4en hallin 13 p\u00f6yt\u00e4\u00e4 olivat viikonlopun aikana t\u00e4ydess\u00e4 k\u00e4yt\u00f6ss\u00e4, kun leirill\u00e4 oli mukana kahden p\u00e4iv\u00e4n aikana yhteens\u00e4 26 pelaajaa. \u00a0Leirille oli kutsuttu mukaan pelaajia eri junioriryhmist\u00e4, joiden lis\u00e4ksi mukana oli my\u00f6s Rion paralympialaisiin valmistautuva Esa Miettinen sek\u00e4 muutama sparrari.<\/p>\n<p>Tulevalla kaudella liiton puolesta\u00a0leirej\u00e4 pyrit\u00e4\u00e4n j\u00e4rjest\u00e4m\u00e4\u00e4n kilpailukalenterissa olevien mahdollisuuksien mukaan n. kerran kuussa ja p\u00e4\u00e4asiallisena leiripaikkana tulee olemaan Ruskeasuo, joka on viel\u00e4 elokuun ajan viikonloppuisin suljettu. Joitakin leirej\u00e4 pidet\u00e4\u00e4n mahdollisesti my\u00f6s Kisakallion urheiluopistossa sek\u00e4 Tuulim\u00e4ess\u00e4. Tuulim\u00e4en halli toimii kohtalaisesti leirien pitopaikkana ja yhteisty\u00f6 PT Espoon kanssa mm. hallin varaamisen suhteen on joustavaa. T\u00e4ll\u00e4 kertaa pienen\u00e4 miinuksena hallissa oli kes\u00e4ll\u00e4 kertyv\u00e4n kosteuden takia melko kova\u00e4\u00e4nisesti puhaltava kuivain, joka asetti haasteita normaali\u00e4\u00e4nisen puheen kuulemiseen. Onneksi kuivain poistunee hallista jonkin ajan kuluttua.<\/p>\n<p><img loading=\"lazy\" decoding=\"async\" class=\"alignnone size-medium wp-image-1921\" src=\"http:\/\/www.sptl.fi\/sptl_uudet\/wp-content\/uploads\/2016\/08\/leiri-300x199.jpg\" alt=\"leiri\" width=\"300\" height=\"199\" srcset=\"https:\/\/www.sptl.fi\/sptl_uudet\/wp-content\/uploads\/2016\/08\/leiri-300x199.jpg 300w, https:\/\/www.sptl.fi\/sptl_uudet\/wp-content\/uploads\/2016\/08\/leiri-1024x681.jpg 1024w\" sizes=\"auto, (max-width: 300px) 100vw, 300px\" \/><\/p>\n<p>P\u00e4\u00e4valmentaja Mattias Bergkvistin pit\u00e4ess\u00e4 pois kauden aikana kertyneit\u00e4 lomap\u00e4ivi\u00e4\u00e4n, leiri\u00e4 py\u00f6ritti liiton toimiston v\u00e4ki sek\u00e4 Samuli Soine. Mattias k\u00e4v\u00e4isi kuitenkin sunnuntaina hallilla katselemassa harjoituksia sek\u00e4 my\u00f6s tutustumassa muutamaan uuteen pelaajaan nuoremmista ik\u00e4ryhmist\u00e4.<\/p>\n<p>Kauden avauksessa painopiste oli perusasioissa ja &#8221;harjoittelemaan totuttelussa&#8221;. Osalla leirille osallistuneista JEM-pelaajista kes\u00e4 oli kiireinen ja pient\u00e4 taukoa lajista ehdittiin pit\u00e4m\u00e4\u00e4n vasta hein\u00e4kuun loppupuolella. Pelaajien harjoitusmotivaatio oli kes\u00e4n j\u00e4lkeen eritt\u00e4in hyv\u00e4ll\u00e4 tasolla ja leiri palvelikin hyvin uuteen kauteen valmistautumisessa.<\/p>\n<p>Leirille osallistuneet pelaajat:<br \/>\nVeikka Flemming<br \/>\nAlex Naumi<br \/>\nArttu Pihkala<br \/>\nMatias Ojala<br \/>\nVeeti Valasti<br \/>\nRolands Janssons<br \/>\nJoonatan Khosravi<br \/>\nJuhana Tuuttila<br \/>\nAnnika Lundstr\u00f6m (su)<br \/>\nPihla Eriksson<br \/>\nAlexandra Titievskaja<br \/>\nKaarina Saarialho (la)<br \/>\nMarianna Saarialho (la)<br \/>\nSam Khosravi<br \/>\nAleksi R\u00e4s\u00e4nen<br \/>\nSam Li<br \/>\nMaksim Titievskii<br \/>\nLeonid Pullinen<br \/>\nEmil Pyykk\u00f6 (la)<br \/>\nJoonas Kylli\u00f6<br \/>\nAleksi Laine<br \/>\nJoni Rahikainen (la)<br \/>\nLeo Kettula<\/p>\n<p>Esa Miettinen<br \/>\nAleksi Mustonen<br \/>\nHuy Chau (su)<\/p>\n","protected":false},"excerpt":{"rendered":"<p>Liiton kauden avausleiri j\u00e4rjestettiin 20-21.8 Espoon Tuulim\u00e4ess\u00e4. Tuulim\u00e4en hallin 13 p\u00f6yt\u00e4\u00e4 olivat viikonlopun aikana t\u00e4ydess\u00e4 k\u00e4yt\u00f6ss\u00e4, kun leirill\u00e4 oli mukana kahden p\u00e4iv\u00e4n aikana yhteens\u00e4 26 pelaajaa. \u00a0Leirille oli kutsuttu mukaan pelaajia eri junioriryhmist\u00e4, joiden lis\u00e4ksi mukana oli my\u00f6s Rion paralympialaisiin valmistautuva Esa Miettinen sek\u00e4 muutama sparrari. Tulevalla kaudella liiton puolesta\u00a0leirej\u00e4 pyrit\u00e4\u00e4n j\u00e4rjest\u00e4m\u00e4\u00e4n kilpailukalenterissa olevien mahdollisuuksien &hellip; <a href=\"https:\/\/www.sptl.fi\/sptl_uudet\/?p=1919\" class=\"more-link\">Jatka lukemista <span class=\"screen-reader-text\">Tuulim\u00e4en leiri 20-21.8<\/span> <span class=\"meta-nav\">&rarr;<\/span><\/a><\/p>\n","protected":false},"author":7,"featured_media":0,"comment_status":"open","ping_status":"open","sticky":false,"template":"","format":"standard","meta":{"ngg_post_thumbnail":0,"footnotes":""},"categories":[1],"tags":[],"class_list":["post-1919","post","type-post","status-publish","format-standard","hentry","category-uncategorized"],"_links":{"self":[{"href":"https:\/\/www.sptl.fi\/sptl_uudet\/index.php?rest_route=\/wp\/v2\/posts\/1919","targetHints":{"allow":["GET"]}}],"collection":[{"href":"https:\/\/www.sptl.fi\/sptl_uudet\/index.php?rest_route=\/wp\/v2\/posts"}],"about":[{"href":"https:\/\/www.sptl.fi\/sptl_uudet\/index.php?rest_route=\/wp\/v2\/types\/post"}],"author":[{"embeddable":true,"href":"https:\/\/www.sptl.fi\/sptl_uudet\/index.php?rest_route=\/wp\/v2\/users\/7"}],"replies":[{"embeddable":true,"href":"https:\/\/www.sptl.fi\/sptl_uudet\/index.php?rest_route=%2Fwp%2Fv2%2Fcomments&post=1919"}],"version-history":[{"count":5,"href":"https:\/\/www.sptl.fi\/sptl_uudet\/index.php?rest_route=\/wp\/v2\/posts\/1919\/revisions"}],"predecessor-version":[{"id":1925,"href":"https:\/\/www.sptl.fi\/sptl_uudet\/index.php?rest_route=\/wp\/v2\/posts\/1919\/revisions\/1925"}],"wp:attachment":[{"href":"https:\/\/www.sptl.fi\/sptl_uudet\/index.php?rest_route=%2Fwp%2Fv2%2Fmedia&parent=1919"}],"wp:term":[{"taxonomy":"category","embeddable":true,"href":"https:\/\/www.sptl.fi\/sptl_uudet\/index.php?rest_route=%2Fwp%2Fv2%2Fcategories&post=1919"},{"taxonomy":"post_tag","embeddable":true,"href":"https:\/\/www.sptl.fi\/sptl_uudet\/index.php?rest_route=%2Fwp%2Fv2%2Ftags&post=1919"}],"curies":[{"name":"wp","href":"https:\/\/api.w.org\/{rel}","templated":true}]}}