{"id":1982,"date":"2016-08-26T08:25:11","date_gmt":"2016-08-26T05:25:11","guid":{"rendered":"http:\/\/www.sptl.fi\/sptl_uudet\/?p=1982"},"modified":"2016-08-26T08:25:11","modified_gmt":"2016-08-26T05:25:11","slug":"esa-miettinen-mediassa-ja-kohta-riossa","status":"publish","type":"post","link":"https:\/\/www.sptl.fi\/sptl_uudet\/?p=1982","title":{"rendered":"Esa Miettinen mediassa ja kohta Riossa"},"content":{"rendered":"<p>Esa Miettinen l\u00e4htee Rion Paralympialaisiin tiistaina 30.8. Esa viimeistelee kilpailukuntoaan osallistumalla avoimiin Pohjois-Pohjanmaan piirinmestaruuskilpailuihin Oulussa lauantaina. T\u00e4ss\u00e4 linkkej\u00e4 muutamiin artikkeleihin Esasta viime viikoilta.<\/p>\n<p><img loading=\"lazy\" decoding=\"async\" class=\"alignnone size-medium wp-image-1983\" src=\"http:\/\/www.sptl.fi\/sptl_uudet\/wp-content\/uploads\/2016\/08\/26-8-2016-8-29-29-300x199.jpg\" alt=\"26-8-2016 8-29-29\" width=\"300\" height=\"199\" srcset=\"https:\/\/www.sptl.fi\/sptl_uudet\/wp-content\/uploads\/2016\/08\/26-8-2016-8-29-29-300x199.jpg 300w, https:\/\/www.sptl.fi\/sptl_uudet\/wp-content\/uploads\/2016\/08\/26-8-2016-8-29-29.jpg 612w\" sizes=\"auto, (max-width: 300px) 100vw, 300px\" \/><\/p>\n<p><a href=\"http:\/\/www.radiokuopio.fi\/uutiset\/aurinkorinteen-koulussa-jannitetaan-tuoko-rehtori-mitalin-kotiin-riosta\">http:\/\/www.radiokuopio.fi\/uutiset\/aurinkorinteen-koulussa-jannitetaan-tuoko-rehtori-mitalin-kotiin-riosta<\/a><br \/>\n<a href=\"http:\/\/www.savonsanomat.fi\/urheilu\/Mitalitavoite-motivoi-Esa-Miettist%C3%A4\/807079\">http:\/\/www.savonsanomat.fi\/urheilu\/Mitalitavoite-motivoi-Esa-Miettist%C3%A4\/807079<\/a><br \/>\n<a href=\"http:\/\/www.savonsanomat.fi\/urheilu\/Kuopiosta-Rioon-l%C3%A4htev%C3%A4t-urheilijat-kuin-kotona-vieraalla-maalla\/806995\">http:\/\/www.savonsanomat.fi\/urheilu\/Kuopiosta-Rioon-l%C3%A4htev%C3%A4t-urheilijat-kuin-kotona-vieraalla-maalla\/806995<\/a><\/p>\n","protected":false},"excerpt":{"rendered":"<p>Esa Miettinen l\u00e4htee Rion Paralympialaisiin tiistaina 30.8. Esa viimeistelee kilpailukuntoaan osallistumalla avoimiin Pohjois-Pohjanmaan piirinmestaruuskilpailuihin Oulussa lauantaina. T\u00e4ss\u00e4 linkkej\u00e4 muutamiin artikkeleihin Esasta viime viikoilta. http:\/\/www.radiokuopio.fi\/uutiset\/aurinkorinteen-koulussa-jannitetaan-tuoko-rehtori-mitalin-kotiin-riosta http:\/\/www.savonsanomat.fi\/urheilu\/Mitalitavoite-motivoi-Esa-Miettist%C3%A4\/807079 http:\/\/www.savonsanomat.fi\/urheilu\/Kuopiosta-Rioon-l%C3%A4htev%C3%A4t-urheilijat-kuin-kotona-vieraalla-maalla\/806995<\/p>\n","protected":false},"author":12,"featured_media":0,"comment_status":"open","ping_status":"open","sticky":false,"template":"","format":"standard","meta":{"ngg_post_thumbnail":0,"footnotes":""},"categories":[14,18],"tags":[],"class_list":["post-1982","post","type-post","status-publish","format-standard","hentry","category-arvokilpailut-ja-valinnat","category-vammaispingis"],"_links":{"self":[{"href":"https:\/\/www.sptl.fi\/sptl_uudet\/index.php?rest_route=\/wp\/v2\/posts\/1982","targetHints":{"allow":["GET"]}}],"collection":[{"href":"https:\/\/www.sptl.fi\/sptl_uudet\/index.php?rest_route=\/wp\/v2\/posts"}],"about":[{"href":"https:\/\/www.sptl.fi\/sptl_uudet\/index.php?rest_route=\/wp\/v2\/types\/post"}],"author":[{"embeddable":true,"href":"https:\/\/www.sptl.fi\/sptl_uudet\/index.php?rest_route=\/wp\/v2\/users\/12"}],"replies":[{"embeddable":true,"href":"https:\/\/www.sptl.fi\/sptl_uudet\/index.php?rest_route=%2Fwp%2Fv2%2Fcomments&post=1982"}],"version-history":[{"count":1,"href":"https:\/\/www.sptl.fi\/sptl_uudet\/index.php?rest_route=\/wp\/v2\/posts\/1982\/revisions"}],"predecessor-version":[{"id":1984,"href":"https:\/\/www.sptl.fi\/sptl_uudet\/index.php?rest_route=\/wp\/v2\/posts\/1982\/revisions\/1984"}],"wp:attachment":[{"href":"https:\/\/www.sptl.fi\/sptl_uudet\/index.php?rest_route=%2Fwp%2Fv2%2Fmedia&parent=1982"}],"wp:term":[{"taxonomy":"category","embeddable":true,"href":"https:\/\/www.sptl.fi\/sptl_uudet\/index.php?rest_route=%2Fwp%2Fv2%2Fcategories&post=1982"},{"taxonomy":"post_tag","embeddable":true,"href":"https:\/\/www.sptl.fi\/sptl_uudet\/index.php?rest_route=%2Fwp%2Fv2%2Ftags&post=1982"}],"curies":[{"name":"wp","href":"https:\/\/api.w.org\/{rel}","templated":true}]}}