{"id":22320,"date":"2020-03-12T16:03:12","date_gmt":"2020-03-12T14:03:12","guid":{"rendered":"http:\/\/www.sptl.fi\/sptl_uudet\/?p=22320"},"modified":"2020-03-20T10:54:29","modified_gmt":"2020-03-20T08:54:29","slug":"tiedote-koronavirukseen-liittyen","status":"publish","type":"post","link":"https:\/\/www.sptl.fi\/sptl_uudet\/?p=22320","title":{"rendered":"P\u00f6yt\u00e4tennisliitto keskeytt\u00e4\u00e4 sarjaottelut ja kilpailutoiminnan &#8211; p\u00e4ivitys 16.3."},"content":{"rendered":"<p>Kotimaassa valtioneuvosto tiedotti maanantaina 16.3.\u00a0 isosta m\u00e4\u00e4r\u00e4st\u00e4 lis\u00e4toimenpiteit\u00e4. P\u00f6yt\u00e4tennisliiton jo viime viikolla tekem\u00e4t p\u00e4\u00e4t\u00f6kset ovat hyv\u00e4ss\u00e4 linjassa niiden kanssa. Merkitt\u00e4v\u00e4\u00e4 meid\u00e4n kannaltamme on, ett\u00e4 kunnalliset liikuntatilat suljetaan koko maan kattavasti. N\u00e4in ollen my\u00f6s lajiharjoittelu tulee k\u00e4yt\u00e4nn\u00f6ss\u00e4 pys\u00e4htym\u00e4\u00e4n kilpailutoiminnan ohella.<\/p>\n<p>Maanantaina my\u00f6s Kansainv\u00e4linen P\u00f6yt\u00e4tennisliitto istui h\u00e4t\u00e4kokouksen. Sen anti oli lopulta melko v\u00e4h\u00e4inen. Jo aiemmin on tiedetty, ett\u00e4 kilpailutoiminta on pys\u00e4ytetty ainakin huhtikuun loppuun asti, ja ett\u00e4 olympiakisojen karsinnat eiv\u00e4t tule toteutumaan suunnitellusti. Nyt ilmassa on suunnitelma siit\u00e4, ett\u00e4 pelaajat valitaan suoraan maailmanrankingin perusteella. On selv\u00e4\u00e4, ett\u00e4 sin\u00e4ns\u00e4 koko olympiakisojen j\u00e4rjest\u00e4minen on kysymysmerkki, vaikka asiaa ei ITTF:n tiedotteessa suoraan sanotakaan.<\/p>\n<p>ITTF esitti my\u00f6s varsin suorasukaisen ep\u00e4ilyn siit\u00e4, ett\u00e4 kes\u00e4kuuksi siirretyt Etel\u00e4-Korean MM-kisat saattavat siirty\u00e4 edelleen. K\u00e4yt\u00e4nn\u00f6ss\u00e4 lienee jo varmaa, ett\u00e4 kisoja ei pelata kes\u00e4kuun lopulla.<\/p>\n<p>ITTF:n tiedotteen voit <a href=\"https:\/\/www.ittf.com\/2020\/03\/16\/emergency-meeting-held-view-covid-19\/\">lukea t\u00e4\u00e4lt\u00e4<\/a>. J\u00e4rjest\u00f6n seuraava h\u00e4t\u00e4kokous on 29.3.<\/p>\n<p>Esko Heikkinen<\/p>\n<p>&#8212;&#8212;&#8212;&#8212;&#8212;&#8212;&#8212;&#8212;&#8212;&#8212;&#8212;&#8212;&#8212;&#8212;&#8212;&#8212;&#8212;&#8212;&#8212;&#8212;&#8212;&#8212;&#8212;&#8212;&#8212;&#8212;&#8212;&#8212;&#8212;&#8212;&#8212;&#8212;&#8212;<\/p>\n<p style=\"margin-bottom: 8.0pt; line-height: 106%;\"><span style=\"color: black;\">Suomen P\u00f6yt\u00e4tennisliiton hallitus on p\u00e4\u00e4tt\u00e4nyt, ett\u00e4 koronavirustilanteen ja valtioneuvon torstaina tekemien linjausten my\u00f6t\u00e4 keskeyt\u00e4mme kaiken sarja- ja kilpailutoiminnan lajissamme toistaiseksi. P\u00e4\u00e4t\u00f6s perustuu siihen, ett\u00e4 tilanne on arvaamaton: voi olla, ett\u00e4 kyse on ylireagoinnista, mutta teemme sen p\u00e4\u00e4t\u00f6ksen mieluummin kuin toteamme j\u00e4lkik\u00e4teen, ett\u00e4 emme olleet riitt\u00e4v\u00e4n varovaisia. Olemme kuulleet asiassa my\u00f6s omia l\u00e4\u00e4k\u00e4riasiantuntijoitamme.<\/span><\/p>\n<p style=\"margin-bottom: 8.0pt; line-height: 106%;\"><span style=\"color: black;\">Lajissamme on muutenkin edess\u00e4 peruutetuista MM-kilpailuista aiheutuva kahden viikon kisatauko. Sen aikana ja sen j\u00e4lkeen olemme viisaampia sen suhteen, kuinka kev\u00e4tkautta mahdollisesti jatketaan tai ei. On selv\u00e4\u00e4, ett\u00e4 olemme force majeure -tilanteessa, jossa esimerkiksi ensi kauden sarjapaikkojen ratkaiseminen ei voi perustua suoraan s\u00e4\u00e4nt\u00f6kirjaan. On siis ennenaikaista spekuloida sill\u00e4, kuinka esimerkiksi SM-sarjamitalit tai sarjanousut ja -putoamiset jaetaan.<\/span><\/p>\n<p style=\"margin-bottom: 8.0pt; line-height: 106%;\"><span style=\"color: black;\">Emme halua lietsoa paniikkia emmek\u00e4 siten ottaa kantaa esimerkiksi seurojen harjoituksiin. Se on kuitenkin selv\u00e4\u00e4, ett\u00e4 v\u00e4h\u00e4nkin sairaana kaikkien on v\u00e4ltett\u00e4v\u00e4 kanssak\u00e4ymist\u00e4 muiden ihmisten kanssa mahdollisimman paljon. Meid\u00e4n asioissamme on lopulta kyse vain p\u00f6yt\u00e4tenniksest\u00e4 \u2013 ei koko el\u00e4m\u00e4st\u00e4. Siksi ei kannata ottaa turhia riskej\u00e4 varsinkaan niin kauan, kun tilanteet muuttuvat koko ajan. <\/span><\/p>\n<p style=\"margin-bottom: 8.0pt; line-height: 106%;\"><span style=\"color: black;\">Seuraamme tilannetta koko ajan ja tiedotamme lis\u00e4\u00e4 heti kun aihetta ilmaantuu.<\/span><\/p>\n<p>&nbsp;<\/p>\n","protected":false},"excerpt":{"rendered":"<p>Kotimaassa valtioneuvosto tiedotti maanantaina 16.3.\u00a0 isosta m\u00e4\u00e4r\u00e4st\u00e4 lis\u00e4toimenpiteit\u00e4. P\u00f6yt\u00e4tennisliiton jo viime viikolla tekem\u00e4t p\u00e4\u00e4t\u00f6kset ovat hyv\u00e4ss\u00e4 linjassa niiden kanssa. Merkitt\u00e4v\u00e4\u00e4 meid\u00e4n kannaltamme on, ett\u00e4 kunnalliset liikuntatilat suljetaan koko maan kattavasti. N\u00e4in ollen my\u00f6s lajiharjoittelu tulee k\u00e4yt\u00e4nn\u00f6ss\u00e4 pys\u00e4htym\u00e4\u00e4n kilpailutoiminnan ohella. Maanantaina my\u00f6s Kansainv\u00e4linen P\u00f6yt\u00e4tennisliitto istui h\u00e4t\u00e4kokouksen. Sen anti oli lopulta melko v\u00e4h\u00e4inen. Jo aiemmin on tiedetty, &hellip; <a href=\"https:\/\/www.sptl.fi\/sptl_uudet\/?p=22320\" class=\"more-link\">Jatka lukemista <span class=\"screen-reader-text\">P\u00f6yt\u00e4tennisliitto keskeytt\u00e4\u00e4 sarjaottelut ja kilpailutoiminnan &#8211; p\u00e4ivitys 16.3.<\/span> <span class=\"meta-nav\">&rarr;<\/span><\/a><\/p>\n","protected":false},"author":7,"featured_media":0,"comment_status":"open","ping_status":"open","sticky":false,"template":"","format":"standard","meta":{"ngg_post_thumbnail":0,"footnotes":""},"categories":[1],"tags":[],"class_list":["post-22320","post","type-post","status-publish","format-standard","hentry","category-uncategorized"],"_links":{"self":[{"href":"https:\/\/www.sptl.fi\/sptl_uudet\/index.php?rest_route=\/wp\/v2\/posts\/22320","targetHints":{"allow":["GET"]}}],"collection":[{"href":"https:\/\/www.sptl.fi\/sptl_uudet\/index.php?rest_route=\/wp\/v2\/posts"}],"about":[{"href":"https:\/\/www.sptl.fi\/sptl_uudet\/index.php?rest_route=\/wp\/v2\/types\/post"}],"author":[{"embeddable":true,"href":"https:\/\/www.sptl.fi\/sptl_uudet\/index.php?rest_route=\/wp\/v2\/users\/7"}],"replies":[{"embeddable":true,"href":"https:\/\/www.sptl.fi\/sptl_uudet\/index.php?rest_route=%2Fwp%2Fv2%2Fcomments&post=22320"}],"version-history":[{"count":8,"href":"https:\/\/www.sptl.fi\/sptl_uudet\/index.php?rest_route=\/wp\/v2\/posts\/22320\/revisions"}],"predecessor-version":[{"id":22391,"href":"https:\/\/www.sptl.fi\/sptl_uudet\/index.php?rest_route=\/wp\/v2\/posts\/22320\/revisions\/22391"}],"wp:attachment":[{"href":"https:\/\/www.sptl.fi\/sptl_uudet\/index.php?rest_route=%2Fwp%2Fv2%2Fmedia&parent=22320"}],"wp:term":[{"taxonomy":"category","embeddable":true,"href":"https:\/\/www.sptl.fi\/sptl_uudet\/index.php?rest_route=%2Fwp%2Fv2%2Fcategories&post=22320"},{"taxonomy":"post_tag","embeddable":true,"href":"https:\/\/www.sptl.fi\/sptl_uudet\/index.php?rest_route=%2Fwp%2Fv2%2Ftags&post=22320"}],"curies":[{"name":"wp","href":"https:\/\/api.w.org\/{rel}","templated":true}]}}