{"id":23041,"date":"2020-08-06T21:31:48","date_gmt":"2020-08-06T18:31:48","guid":{"rendered":"http:\/\/www.sptl.fi\/sptl_uudet\/?p=23041"},"modified":"2020-08-06T21:47:05","modified_gmt":"2020-08-06T18:47:05","slug":"poytatennis-porilaiset-starttaa-kauteen-kahdella-joukkueella","status":"publish","type":"post","link":"https:\/\/www.sptl.fi\/sptl_uudet\/?p=23041","title":{"rendered":"P\u00f6yt\u00e4tennis Porilaiset starttaa kauteen kahdella joukkueella"},"content":{"rendered":"<p>POR-83 aloittaa kauden kahdella joukkueella. Ykk\u00f6sjoukkue nousi 2. divisioonaan ja siin\u00e4 pelaavat Anni Heljala, Janne Jokinen, Paul Jokinen, Markus Myll\u00e4rinen ja Juuso Taavela. Toinen joukkue pelaa 5. divisioonaa ja tulee koostumaan p\u00e4\u00e4osin seuran nuoremmista junioreista. T\u00e4m\u00e4 on seuraava askel nyt s\u00e4\u00e4nn\u00f6llisesti toimivan pingiskoulun ja OKM:n tuen mahdollistaman laajentuneen juniority\u00f6n jatkoksi.<\/p>\n<p>Koronakev\u00e4t ja -kes\u00e4 on ollut harjoittelun kannalta haasteellinen. Omatoiminen kuntoilu oli arvossaan, kun seuran kotipes\u00e4 Porin urheilutalo laitettiin kiinni, eik\u00e4 seuran nimiss\u00e4 voinut ohjattua harjoittelua j\u00e4rjest\u00e4\u00e4. Saimme kuitenkin j\u00e4rjestetty\u00e4 sopivat kellaritilat kilparyhm\u00e4n omatoimiseen lajiharjoitteluun kev\u00e4\u00e4n ja kes\u00e4n ajaksi.<\/p>\n<figure id=\"attachment_23043\" aria-describedby=\"caption-attachment-23043\" style=\"width: 1220px\" class=\"wp-caption alignleft\"><img loading=\"lazy\" decoding=\"async\" src=\"http:\/\/www.sptl.fi\/sptl_uudet\/wp-content\/uploads\/juttu2.jpg\" alt=\"\" width=\"1220\" height=\"774\" class=\"size-full wp-image-23043\" \/><figcaption id=\"caption-attachment-23043\" class=\"wp-caption-text\">V\u00e4ist\u00f6tiloihin mahtuu 3 \u2013 4 p\u00f6yt\u00e4\u00e4.<\/figcaption><\/figure>\n<p>Rajoitusten aikana harjoitusvuoroista, siirtymist\u00e4 ja hygieniasta pidettiin tiukasti kiinni ja jokainen ryhm\u00e4 tai pari pelasi vain omilla palloillaan. Nykytekniikka tuli apuun, kun valmentajat eiv\u00e4t p\u00e4\u00e4sseet matkustusrajoitusten vuoksi Poriin. Kolmijalka ja nettiyhteys olivat kovilla, kun videop\u00e4tki\u00e4 ly\u00f6ntitreeneist\u00e4 l\u00e4hetettiin analysoitavaksi!<\/p>\n<p>Urheilutalo on ollut taas auki, mutta kellaritila jatkaa rinnalla toistaiseksi ja mik\u00e4 parasta, se on k\u00e4yt\u00f6ss\u00e4mme 24\/7! Jatkostahan ei tied\u00e4 ja tilan toimivuutta voidaan testata nyt laajemmin koko seuran k\u00e4ytt\u00f6\u00f6n. Taloustilanne on Porissakin se, ett\u00e4 jo p\u00e4\u00e4tetty urheilutalon remontti voi viel\u00e4 peruuntuakin. Toteutuessaan se taas tarkoittaa sit\u00e4, ett\u00e4 jokin v\u00e4ist\u00f6tila tai -tiloja seuralla on silloin oltava.<\/p>\n<figure id=\"attachment_23044\" aria-describedby=\"caption-attachment-23044\" style=\"width: 1247px\" class=\"wp-caption alignleft\"><img loading=\"lazy\" decoding=\"async\" src=\"http:\/\/www.sptl.fi\/sptl_uudet\/wp-content\/uploads\/juttu1.jpg\" alt=\"\" width=\"1247\" height=\"1051\" class=\"size-full wp-image-23044\" \/><figcaption id=\"caption-attachment-23044\" class=\"wp-caption-text\">Harjoitteluvuorossa v\u00e4ist\u00f6tiloissa Porissa Elli Rissanen (MBF), Mika Heljala, Anni Heljala (POR-83) ja Aleksandra Titievskaja (PT-Espoo).<\/figcaption><\/figure>\n<p>Nyt kuitenkin elet\u00e4\u00e4n siin\u00e4 toivossa, ett\u00e4 rajoitukset Suomessa eiv\u00e4t haittaisi kovasti p\u00f6yt\u00e4tenniskuvioita ja POR-83 pystyisi syksyll\u00e4 j\u00e4rjest\u00e4m\u00e4\u00e4n kev\u00e4\u00e4lt\u00e4 perutun S\u00e4\u00e4st\u00f6pankki Cupin sek\u00e4 divisioonaturnauksen. Katso n\u00e4ist\u00e4 lis\u00e4\u00e4 SPTL:n kilpailukalenterista ja tule mukaan!<\/p>\n<p>Konsta Ojanen, POR-83<\/p>\n","protected":false},"excerpt":{"rendered":"<p>POR-83 aloittaa kauden kahdella joukkueella. Ykk\u00f6sjoukkue nousi 2. divisioonaan ja siin\u00e4 pelaavat Anni Heljala, Janne Jokinen, Paul Jokinen, Markus Myll\u00e4rinen ja Juuso Taavela. Toinen joukkue pelaa 5. divisioonaa ja tulee koostumaan p\u00e4\u00e4osin seuran nuoremmista junioreista. T\u00e4m\u00e4 on seuraava askel nyt s\u00e4\u00e4nn\u00f6llisesti toimivan pingiskoulun ja OKM:n tuen mahdollistaman laajentuneen juniority\u00f6n jatkoksi. Koronakev\u00e4t ja -kes\u00e4 on ollut &hellip; <a href=\"https:\/\/www.sptl.fi\/sptl_uudet\/?p=23041\" class=\"more-link\">Jatka lukemista <span class=\"screen-reader-text\">P\u00f6yt\u00e4tennis Porilaiset starttaa kauteen kahdella joukkueella<\/span> <span class=\"meta-nav\">&rarr;<\/span><\/a><\/p>\n","protected":false},"author":267,"featured_media":0,"comment_status":"open","ping_status":"open","sticky":false,"template":"","format":"standard","meta":{"ngg_post_thumbnail":0,"footnotes":""},"categories":[16,1,8],"tags":[65,67],"class_list":["post-23041","post","type-post","status-publish","format-standard","hentry","category-harrastetoiminta","category-uncategorized","category-seuratiedotteet","tag-por-83","tag-poytatennis-porilaiset"],"_links":{"self":[{"href":"https:\/\/www.sptl.fi\/sptl_uudet\/index.php?rest_route=\/wp\/v2\/posts\/23041","targetHints":{"allow":["GET"]}}],"collection":[{"href":"https:\/\/www.sptl.fi\/sptl_uudet\/index.php?rest_route=\/wp\/v2\/posts"}],"about":[{"href":"https:\/\/www.sptl.fi\/sptl_uudet\/index.php?rest_route=\/wp\/v2\/types\/post"}],"author":[{"embeddable":true,"href":"https:\/\/www.sptl.fi\/sptl_uudet\/index.php?rest_route=\/wp\/v2\/users\/267"}],"replies":[{"embeddable":true,"href":"https:\/\/www.sptl.fi\/sptl_uudet\/index.php?rest_route=%2Fwp%2Fv2%2Fcomments&post=23041"}],"version-history":[{"count":6,"href":"https:\/\/www.sptl.fi\/sptl_uudet\/index.php?rest_route=\/wp\/v2\/posts\/23041\/revisions"}],"predecessor-version":[{"id":23049,"href":"https:\/\/www.sptl.fi\/sptl_uudet\/index.php?rest_route=\/wp\/v2\/posts\/23041\/revisions\/23049"}],"wp:attachment":[{"href":"https:\/\/www.sptl.fi\/sptl_uudet\/index.php?rest_route=%2Fwp%2Fv2%2Fmedia&parent=23041"}],"wp:term":[{"taxonomy":"category","embeddable":true,"href":"https:\/\/www.sptl.fi\/sptl_uudet\/index.php?rest_route=%2Fwp%2Fv2%2Fcategories&post=23041"},{"taxonomy":"post_tag","embeddable":true,"href":"https:\/\/www.sptl.fi\/sptl_uudet\/index.php?rest_route=%2Fwp%2Fv2%2Ftags&post=23041"}],"curies":[{"name":"wp","href":"https:\/\/api.w.org\/{rel}","templated":true}]}}