{"id":28499,"date":"2021-10-20T22:00:50","date_gmt":"2021-10-20T19:00:50","guid":{"rendered":"https:\/\/www.sptl.fi\/sptl_uudet\/?p=28499"},"modified":"2021-10-20T22:00:50","modified_gmt":"2021-10-20T19:00:50","slug":"tiedotusterveisia-45","status":"publish","type":"post","link":"https:\/\/www.sptl.fi\/sptl_uudet\/?p=28499","title":{"rendered":"Tiedotusterveisi\u00e4"},"content":{"rendered":"<p>Istuva liittohallitus kokoontui viimeiseen kokoukseensa keskiviikkona. Marraskuun 17. p\u00e4iv\u00e4n liittokokous valitsee nelj\u00e4 uutta hallitusj\u00e4sent\u00e4 erovuoroisten (Arenius, Holmberg, Pihkala, Valasti) tilalle tai valtuuttaa entiset jatkamaan teht\u00e4v\u00e4ss\u00e4\u00e4n. Puheenjohtajiston kausi ei t\u00e4ll\u00e4 kertaa ole katkolla.<\/p>\n<p>Kokousrutiinien j\u00e4lkeen p\u00e4\u00e4valmentaja Mattias Bergkvist piti maajoukkuetoiminnan tilannekatsauksen. H\u00e4n kertoi, ett\u00e4 nykyinen maailman arvolista perustuu edelleen osin vanhaan listaan, mutta sen lis\u00e4ksi otetaan huomioon kahdeksan parasta kaksinpelitulosta kansainv\u00e4lisist\u00e4 kisoista. Niiss\u00e4 pit\u00e4isi k\u00e4yd\u00e4, jos haluaa rankingilla yl\u00f6s. Tilannetta hankaloittaa se, ett\u00e4 kisojen hinnat ovat selv\u00e4sti nousussa.<\/p>\n<p>T\u00e4m\u00e4 koskee l\u00e4hinn\u00e4 Benedek Ol\u00e1hia ja Alex Naumia. Muilla vaikeaa ylip\u00e4\u00e4t\u00e4\u00e4n edes p\u00e4\u00e4st\u00e4 kisoihin. Arttu Pihkala, Aleksi R\u00e4s\u00e4nen ja Sam Khosravi p\u00e4\u00e4sev\u00e4t viel\u00e4 juniorikisoihin, mutta sekin on aika kallista. Ruotsissakin maajoukkuejunioreilla on jo omavastuita. Mattiaksen mielest\u00e4 pelaajien harjoittelu on \u201dok\u201d. Alex mennyt eteenp\u00e4in selv\u00e4sti ja pelaa per\u00e4ti nelj\u00e4\u00e4 liigaa Euroopassa. \u201dPena\u201d on aloittanut Ranskassa aika hyvin. Naisjunioreista Ramona Betz asuu ja harjoittelee Saksassa ja Aleksandra Titievskaja Englannissa. Maria Girlea on viel\u00e4 romanialainen.<\/p>\n<p>Junioreiden kotiharjoittelun systeemi\u00e4 Ruskeasuolla muutettiin syksyll\u00e4. Osalle tuli enemm\u00e4n pallolaatikkoa ja sy\u00f6tt\u00f6harjoittelua. Se ei toimi viel\u00e4 aivan t\u00e4ydellisesti ja joitakin muutoksia tultaneen viel\u00e4 tekem\u00e4\u00e4n. Paljon tarvittaisiin my\u00f6s kansainv\u00e4list\u00e4 kosketusta &#8211; kilpailuja ja leirej\u00e4. Kansainv\u00e4linen kilpailuk\u00e4ytt\u00e4ytyminen tulee oppia ja samalla saa hyvi\u00e4 kontakteja. T\u00e4m\u00e4 vaatii my\u00f6s valmentajaresursseja sek\u00e4 sopimuksia hyvien ulkomaisten harjoituskeskusten kanssa. N\u00e4it\u00e4 on erityisesti Saksassa.<\/p>\n<p>Mattiaksen yleisarvion mukaan pelaajien taso on \u201dok\u201d sek\u00e4 senioreissa ett\u00e4 junioreissa. Tytt\u00f6j\u00e4 on liian v\u00e4h\u00e4n, parhaat tosin ulkomailla. Harjoittelu on p\u00e4\u00e4s\u00e4\u00e4nt\u00f6isesti hyv\u00e4\u00e4 ja pelaajat ovat kehittyneet selv\u00e4sti. Nuorimmista Luka Oinas on jo niin pitk\u00e4ll\u00e4, ett\u00e4 h\u00e4nen pit\u00e4isi alkaa k\u00e4yd\u00e4 ETTU:n leireill\u00e4.<\/p>\n<p>Sitten siirryttiin valiokuntien ajankohtaisiin asioihin. Ty\u00f6valiokunnassa on valmisteltu budjettia ja toimintasuunnitelma, Finlandia Openia ITTF:n kanssa (ja puhuttu vuoden 2022 kisasta WTT:n kanssa), tehty OKM:n yleisavustusanomusta, neuvoteltu Stigan kanssa p\u00f6ydist\u00e4 ja tekstiileist\u00e4 ja valmisteltu Johanna (nyky\u00e4\u00e4n) Kaimion sopimusta. On erikseen todettava, ett\u00e4 toiminnanjohtaja R\u00e4s\u00e4nen on tehnyt toimintasuunnitelman ja budjetin kanssa paljon huolellista ty\u00f6t\u00e4.<\/p>\n<p>Taneli Keinonen raportoi seuravaliokunnan puolesta, ett\u00e4 Seurap\u00e4iv\u00e4t pidettiin et\u00e4n\u00e4 16 osallistujan voimin. Anti oli hyv\u00e4, mutta osanottajia olisi saanut olla enemm\u00e4n. Tanelilla on ollut paljon seurak\u00e4yntej\u00e4, kuten esimerkiksi Rym\u00e4ttyl\u00e4, Oulu, Kerava, Koski, Kemi, Ylivieska, Lahti, Lappeenranta ja Jyv\u00e4skyl\u00e4, tulossa ovat viel\u00e4 ainakin Pori, Kuopio, Turku, Joensuu, Vantaa ja Helsinki. Seuraleirej\u00e4 ja kouluvierailuja on j\u00e4rjestetty, pohjoisessa oli lis\u00e4ksi nappulaleiri. My\u00f6s mailapelitapahtumat ovat taas alkaneet ja tulossa on my\u00f6s v\u00e4lituntipingiksen ohjausta. Kev\u00e4\u00e4n seurap\u00e4iv\u00e4\u00e4 ajatellen haastatellaan seuroja hyvist\u00e4 aiheista. Lis\u00e4ksi aloitetaan matalan kynnyksen starttikilpailutoiminta.<\/p>\n<p>IT-valiokunnan Kimmo Pihkala kertoi, ett\u00e4 viime aikoina on tehty l\u00e4hinn\u00e4 normaalia yll\u00e4pitoa. Jyrki Nummenmaa jatkoi, ett\u00e4 kisanveto-ohjelmakin etenee, tosin edelleen aika rauhallisesti.<\/p>\n<p>Mika R\u00e4s\u00e4nen kertoi valmennusvaliokunnan puolesta, ett\u00e4 syksyn ensimm\u00e4inen valmentajailta on edess\u00e4 ensi viikon torstaina. Siin\u00e4 seurataan maajoukkueen harjoitusiltaa Ruskeasuolla ja puhutaan tekniikasta. Esko Heikkinen oli Romaniassa EM-kisojen j\u00e4lkeen ETTU:n valmennuskurssilla ja asiasta raportoidaan joko valmentajailtana tai P\u00f6yt\u00e4tennislehdess\u00e4. Johanna Kaimio on ensi kuussa menossa naisten valmennusseminaariin Slovakiaan.<\/p>\n<p>Nummenmaa totesi, ett\u00e4 veteraanivaliokunnan asioissa ei ole tapahtunut ihmeellisi\u00e4. TOP-8 siirtynee edelleen. Jyrki lupasi my\u00f6s \u201dSM-tiedustelun\u201d yhteenvedon liiton sivuille ensi viikon aikana.<\/p>\n<p>Hannu Sihvo kertoi paravaliokunnan puolesta, ett\u00e4 leirej\u00e4 on ollut normaalisti 1-2 kertaa kuukaudessa. Timo Natunen ja Iivari Hartikainen l\u00e4htev\u00e4t Pariisin kisoihin marraskuussa, Para-SM pelataan 20. marraskuuta Tuulim\u00e4ess\u00e4. Hallitus p\u00e4\u00e4tti, ett\u00e4 kisaan ei tarvita lisenssi\u00e4 (mutta paraluokitus toki) eik\u00e4 siit\u00e4 lasketa ratingpisteit\u00e4.<\/p>\n<p>Mika R\u00e4s\u00e4nen selvitti, ett\u00e4 huippu-urheiluvaliokunnan toimissa on ollut aktiivinen syksy. Joukkue-EM pelattiin Romaniassa ja Suomen miehet pelasivat v\u00e4hint\u00e4\u00e4nkin kohtuullisesti. Lis\u00e4ksi Pena Ol\u00e1h Qatarin WTT-kisassa puoliv\u00e4lieriss\u00e4, mik\u00e4 oli mainio suoritus. Pena ja Alex menev\u00e4t Tunisiaan ja Pena viel\u00e4 Sloveniaan WTT-kisoihin. Ramona Betz osallistuu Slovakian junioriavoimiin sek\u00e4 Aleksi R\u00e4s\u00e4nen ja Sam Khosravi Unkarin vastaaviin. Alex menee alle 21-vuotiaiden EM-kisaan Belgiaan ja Pentti Houstonin MM-kisoihin. Syyskauden p\u00e4\u00e4tt\u00e4\u00e4 \u00a0oma Finlandia Openimme. Ensi viikolla on tapaaminen OK:n huippu-urheiluyksik\u00f6n kanssa. Lis\u00e4ksi Ruskeasuon ryhm\u00e4lle on pidetty psykologin luento kisaj\u00e4nnityksest\u00e4 ja ruotsalainen Per Gerell on tulossa Suomeen marraskuun viimeisell\u00e4 viikonlopulla opettamaan pelaajillemme sy\u00f6tt\u00f6\u00e4\u00e4n. Sam Khosravi on menossa joulukuussa Esl\u00f6viin harjoittelemaan.<\/p>\n<p>Teemu Oinas kertoi, ett\u00e4 kilpailuvaliokunnalta ei nyt ole kummallisempaa kerrottavaa, mutta viime kauden \u201dr\u00e4sti-SM:t\u201d on nyt hoidettu ja olemme p\u00e4\u00e4sseet normaaliin kilpailu- ja sarjatoimintaan.<\/p>\n<p>Kimmo Arenius totesi s\u00e4\u00e4nt\u00f6- ja tuomarivaliokunnan toimista, ett\u00e4 valiokunta on keskustellut s\u00e4\u00e4nt\u00f6muutoksesta kilpailukutsua koskeviin m\u00e4\u00e4r\u00e4yksiin. Digiaika kun on tehnyt \u201darvonnan paikan ja ajan\u201d kyseenalaiseksi. Tulevaisuudessa arvonnat tapahtunevatkin liiton palvelimella. Hallitus tuonee kev\u00e4\u00e4n liittokokoukseen muutosesityksen.<\/p>\n<p>Sitten olikin aika k\u00e4sitell\u00e4 liittokokoukselle esitelt\u00e4v\u00e4 budjetti ja toimintasuunnitelma. Liittokokouksen kutsu on jo toisaalla liiton sivuilla ja nyt liitteeksi lis\u00e4t\u00e4\u00e4n mainitut dokumentit. Budjetti n\u00e4ytt\u00e4\u00e4 miinusta hieman yli 23 000 \u20ac, sill\u00e4 kansainv\u00e4linen toiminta maksaa ja siihen on nyt p\u00e4\u00e4tetty panostaa. Liittohallituksen esitykset tulevat liiton sivuille tuota pikaa.<\/p>\n<p>K\u00e4sittelimme my\u00f6s taloustilannetta syyskuun lopun numeroiden valossa. Tulos n\u00e4ytt\u00e4\u00e4 nyt miinusta noin 30 000 \u20ac. Vaikka sarjamaksuja ja lisenssimaksua on viel\u00e4 tulossa, vuosi mennee silti miinukselle. Lopulta Finlandia Openin tulos ratkaisee lopullisen tilanteen eritt\u00e4in suuresti.<\/p>\n<p>Mainitun kisan suhteen onkin palaveroitu ja viestitty ITTF:n kanssa ahkerasti. Kisa on ITTF:n virallinen kilpailu ja se k\u00e4yd\u00e4\u00e4n ainakin viel\u00e4 t\u00e4m\u00e4n kerran vanhaan tapaan PKO-mnetelm\u00e4ll\u00e4. Maailman rankingpisteit\u00e4kin on jaossa ja ITTF striimaa kisan vedonly\u00f6nti\u00e4 varten. Kansainv\u00e4lisi\u00e4 kyselyit\u00e4 tulee koko ajan paljon, eli kiinnostusta kisaa kohtaan on. Valitettavasti emme ole saaneet kutsua ITTF.n sivuille, mutta nyt sekin lienee mahdollista. Kansainv\u00e4lisi\u00e4 tuomareitakin haetaan. Kisaorganisaatio on pitk\u00e4lle entinen ja osanottajien hintoja on korotettu hiukan. Torstaina pelataan perinteisen joukkuekisan sijasta U21, joka ei ole PKO-luokka vaan perinteinen cup alkupooleineen.<\/p>\n<p>Matti Kurvinen veti aikanaan strategiaty\u00f6pajan hallitukselle juuri ennen koronapandemian alkua. Se p\u00e4\u00e4tetiin uusia liittokokouksen j\u00e4lkeisell\u00e4 uudella hallituskokoonpanolla. \u00a0Viel\u00e4 todettiin, ett\u00e4 allekirjoittanut on SPTL:n delegaatti marraskuun MM-kisoissa Houstonissa (ITTF maksaa matkan ja majoituksen). Lis\u00e4ksi hyv\u00e4ksyimme uuden ymp\u00e4rist\u00f6suunnitelman, joka liitet\u00e4\u00e4n verkkosivuilta l\u00f6ytyv\u00e4\u00e4n vastuullisuusohjelmaan. Toiminnanjohtaja on tehnyt t\u00e4m\u00e4n suhteen erinomaista ty\u00f6t\u00e4! Kimmo Arenius kertoi lopuksi, ett\u00e4 TOP-16 kutsu on valmistunut. Kisa on 18. joulukuuta ja kutsu on huomenna liiton sivuilla.<\/p>\n<p>Seuraavan kokouksen istuukin jo uusi hallitus. Puheenjohtaja kiitti nykyist\u00e4 mukavasti sujuneesta toimintakaudesta ja p\u00e4\u00e4tti kokouksen klo 19.21 vajaan 2,5 tunnin rupeaman j\u00e4lkeen.<\/p>\n","protected":false},"excerpt":{"rendered":"<p>Istuva liittohallitus kokoontui viimeiseen kokoukseensa keskiviikkona. Marraskuun 17. p\u00e4iv\u00e4n liittokokous valitsee nelj\u00e4 uutta hallitusj\u00e4sent\u00e4 erovuoroisten (Arenius, Holmberg, Pihkala, Valasti) tilalle tai valtuuttaa entiset jatkamaan teht\u00e4v\u00e4ss\u00e4\u00e4n. Puheenjohtajiston kausi ei t\u00e4ll\u00e4 kertaa ole katkolla. Kokousrutiinien j\u00e4lkeen p\u00e4\u00e4valmentaja Mattias Bergkvist piti maajoukkuetoiminnan tilannekatsauksen. H\u00e4n kertoi, ett\u00e4 nykyinen maailman arvolista perustuu edelleen osin vanhaan listaan, mutta sen lis\u00e4ksi otetaan &hellip; <a href=\"https:\/\/www.sptl.fi\/sptl_uudet\/?p=28499\" class=\"more-link\">Jatka lukemista <span class=\"screen-reader-text\">Tiedotusterveisi\u00e4<\/span> <span class=\"meta-nav\">&rarr;<\/span><\/a><\/p>\n","protected":false},"author":11,"featured_media":0,"comment_status":"open","ping_status":"open","sticky":false,"template":"","format":"standard","meta":{"ngg_post_thumbnail":0,"footnotes":""},"categories":[1],"tags":[],"class_list":["post-28499","post","type-post","status-publish","format-standard","hentry","category-uncategorized"],"_links":{"self":[{"href":"https:\/\/www.sptl.fi\/sptl_uudet\/index.php?rest_route=\/wp\/v2\/posts\/28499","targetHints":{"allow":["GET"]}}],"collection":[{"href":"https:\/\/www.sptl.fi\/sptl_uudet\/index.php?rest_route=\/wp\/v2\/posts"}],"about":[{"href":"https:\/\/www.sptl.fi\/sptl_uudet\/index.php?rest_route=\/wp\/v2\/types\/post"}],"author":[{"embeddable":true,"href":"https:\/\/www.sptl.fi\/sptl_uudet\/index.php?rest_route=\/wp\/v2\/users\/11"}],"replies":[{"embeddable":true,"href":"https:\/\/www.sptl.fi\/sptl_uudet\/index.php?rest_route=%2Fwp%2Fv2%2Fcomments&post=28499"}],"version-history":[{"count":1,"href":"https:\/\/www.sptl.fi\/sptl_uudet\/index.php?rest_route=\/wp\/v2\/posts\/28499\/revisions"}],"predecessor-version":[{"id":28500,"href":"https:\/\/www.sptl.fi\/sptl_uudet\/index.php?rest_route=\/wp\/v2\/posts\/28499\/revisions\/28500"}],"wp:attachment":[{"href":"https:\/\/www.sptl.fi\/sptl_uudet\/index.php?rest_route=%2Fwp%2Fv2%2Fmedia&parent=28499"}],"wp:term":[{"taxonomy":"category","embeddable":true,"href":"https:\/\/www.sptl.fi\/sptl_uudet\/index.php?rest_route=%2Fwp%2Fv2%2Fcategories&post=28499"},{"taxonomy":"post_tag","embeddable":true,"href":"https:\/\/www.sptl.fi\/sptl_uudet\/index.php?rest_route=%2Fwp%2Fv2%2Ftags&post=28499"}],"curies":[{"name":"wp","href":"https:\/\/api.w.org\/{rel}","templated":true}]}}