{"id":31864,"date":"2022-04-08T10:48:34","date_gmt":"2022-04-08T07:48:34","guid":{"rendered":"https:\/\/www.sptl.fi\/sptl_uudet\/?p=31864"},"modified":"2022-04-08T10:48:34","modified_gmt":"2022-04-08T07:48:34","slug":"suomen-juniorit-mukana-ettun-u15-u17-leirilla","status":"publish","type":"post","link":"https:\/\/www.sptl.fi\/sptl_uudet\/?p=31864","title":{"rendered":"Suomen juniorit mukana ETTU:n U15\/U17 leirill\u00e4"},"content":{"rendered":"<p>Suomen junioripelaajat Sam Khosravi, Aleksi R\u00e4s\u00e4nen, Lassi Lehtola, Ella Kellow ja Maria Girlea ovat t\u00e4m\u00e4n viikon harjoitelleet Portugalin Vila Nova de Gaiassa Euroopan liiton j\u00e4rjest\u00e4m\u00e4ll\u00e4 Eurotalents Development- leirill\u00e4. Junioreiden mukana Portugalissa on my\u00f6s valmentaja Mattias Bergkvist.<\/p>\n<p><img loading=\"lazy\" decoding=\"async\" class=\"alignnone  wp-image-31866\" src=\"https:\/\/www.sptl.fi\/sptl_uudet\/wp-content\/uploads\/Portugali-leiri-300x225.jpg\" alt=\"\" width=\"338\" height=\"254\" srcset=\"https:\/\/www.sptl.fi\/sptl_uudet\/wp-content\/uploads\/Portugali-leiri-300x225.jpg 300w, https:\/\/www.sptl.fi\/sptl_uudet\/wp-content\/uploads\/Portugali-leiri-1024x768.jpg 1024w, https:\/\/www.sptl.fi\/sptl_uudet\/wp-content\/uploads\/Portugali-leiri-1536x1153.jpg 1536w, https:\/\/www.sptl.fi\/sptl_uudet\/wp-content\/uploads\/Portugali-leiri.jpg 1599w\" sizes=\"auto, (max-width: 338px) 100vw, 338px\" \/><\/p>\n<p>Leirin p\u00e4iv\u00e4ohjelmassa oli alkuviikosta kaksi ohjattua harjoitusta sek\u00e4 iltaisin yksi vapaampi harjoitus, torstain ja perjantain aikana osallistujat ovat pelanneet leiriturnausta. Turnauksen j\u00e4lkeen leiri jatkuu viel\u00e4 perjantain iltaharjoituksella sek\u00e4 lauantain leirip\u00e4iv\u00e4ll\u00e4.&nbsp;<\/p>\n","protected":false},"excerpt":{"rendered":"<p>Suomen junioripelaajat Sam Khosravi, Aleksi R\u00e4s\u00e4nen, Lassi Lehtola, Ella Kellow ja Maria Girlea ovat t\u00e4m\u00e4n viikon harjoitelleet Portugalin Vila Nova de Gaiassa Euroopan liiton j\u00e4rjest\u00e4m\u00e4ll\u00e4 Eurotalents Development- leirill\u00e4. Junioreiden mukana Portugalissa on my\u00f6s valmentaja Mattias Bergkvist. Leirin p\u00e4iv\u00e4ohjelmassa oli alkuviikosta kaksi ohjattua harjoitusta sek\u00e4 iltaisin yksi vapaampi harjoitus, torstain ja perjantain aikana osallistujat ovat pelanneet &hellip; <a href=\"https:\/\/www.sptl.fi\/sptl_uudet\/?p=31864\" class=\"more-link\">Jatka lukemista <span class=\"screen-reader-text\">Suomen juniorit mukana ETTU:n U15\/U17 leirill\u00e4<\/span> <span class=\"meta-nav\">&rarr;<\/span><\/a><\/p>\n","protected":false},"author":7,"featured_media":0,"comment_status":"open","ping_status":"open","sticky":false,"template":"","format":"standard","meta":{"ngg_post_thumbnail":0,"footnotes":""},"categories":[1],"tags":[],"class_list":["post-31864","post","type-post","status-publish","format-standard","hentry","category-uncategorized"],"_links":{"self":[{"href":"https:\/\/www.sptl.fi\/sptl_uudet\/index.php?rest_route=\/wp\/v2\/posts\/31864","targetHints":{"allow":["GET"]}}],"collection":[{"href":"https:\/\/www.sptl.fi\/sptl_uudet\/index.php?rest_route=\/wp\/v2\/posts"}],"about":[{"href":"https:\/\/www.sptl.fi\/sptl_uudet\/index.php?rest_route=\/wp\/v2\/types\/post"}],"author":[{"embeddable":true,"href":"https:\/\/www.sptl.fi\/sptl_uudet\/index.php?rest_route=\/wp\/v2\/users\/7"}],"replies":[{"embeddable":true,"href":"https:\/\/www.sptl.fi\/sptl_uudet\/index.php?rest_route=%2Fwp%2Fv2%2Fcomments&post=31864"}],"version-history":[{"count":2,"href":"https:\/\/www.sptl.fi\/sptl_uudet\/index.php?rest_route=\/wp\/v2\/posts\/31864\/revisions"}],"predecessor-version":[{"id":31868,"href":"https:\/\/www.sptl.fi\/sptl_uudet\/index.php?rest_route=\/wp\/v2\/posts\/31864\/revisions\/31868"}],"wp:attachment":[{"href":"https:\/\/www.sptl.fi\/sptl_uudet\/index.php?rest_route=%2Fwp%2Fv2%2Fmedia&parent=31864"}],"wp:term":[{"taxonomy":"category","embeddable":true,"href":"https:\/\/www.sptl.fi\/sptl_uudet\/index.php?rest_route=%2Fwp%2Fv2%2Fcategories&post=31864"},{"taxonomy":"post_tag","embeddable":true,"href":"https:\/\/www.sptl.fi\/sptl_uudet\/index.php?rest_route=%2Fwp%2Fv2%2Ftags&post=31864"}],"curies":[{"name":"wp","href":"https:\/\/api.w.org\/{rel}","templated":true}]}}