{"id":47726,"date":"2024-01-23T09:21:08","date_gmt":"2024-01-23T07:21:08","guid":{"rendered":"https:\/\/www.sptl.fi\/sptl_uudet\/?p=47726"},"modified":"2024-01-23T09:21:08","modified_gmt":"2024-01-23T07:21:08","slug":"aaro-makela-jatkaa-tulevaisuuden-tahdet-ryhmassa","status":"publish","type":"post","link":"https:\/\/www.sptl.fi\/sptl_uudet\/?p=47726","title":{"rendered":"Aaro M\u00e4kel\u00e4 jatkaa Tulevaisuuden t\u00e4hdet -ryhm\u00e4ss\u00e4"},"content":{"rendered":"<p><strong>Suomen Paralympiakomitean koordinoimassa Tulevaisuuden t\u00e4hdet -ryhm\u00e4ss\u00e4 aloittaa t\u00e4n\u00e4 vuonna 5 uutta paraurheilun tulevaisuuden lupausta. Edellisen vuoden kokoonpanosta ryhm\u00e4ss\u00e4 jatkaa mukana 13 urheilijaa, joten ryhm\u00e4 k\u00e4ynnist\u00e4\u00e4 vuotensa yhteens\u00e4 18 urheilijan ja seitsem\u00e4n eri lajin voimin.<\/strong><\/p>\n<p><img loading=\"lazy\" decoding=\"async\" class=\"alignnone size-large wp-image-33756\" src=\"https:\/\/www.sptl.fi\/sptl_uudet\/wp-content\/uploads\/Aaro-Makela-Paralympialiitto-1024x603.jpg\" alt=\"\" width=\"604\" height=\"356\" srcset=\"https:\/\/www.sptl.fi\/sptl_uudet\/wp-content\/uploads\/Aaro-Makela-Paralympialiitto-1024x603.jpg 1024w, https:\/\/www.sptl.fi\/sptl_uudet\/wp-content\/uploads\/Aaro-Makela-Paralympialiitto-300x177.jpg 300w, https:\/\/www.sptl.fi\/sptl_uudet\/wp-content\/uploads\/Aaro-Makela-Paralympialiitto.jpg 1400w\" sizes=\"auto, (max-width: 604px) 100vw, 604px\" \/><\/p>\n<p>&#8221;Tulevaisuuden t\u00e4hdet -ryhm\u00e4n vuoden 2024 kokoonpanossa ja sen monilajiryhm\u00e4ss\u00e4 jatkavat niin ik\u00e4\u00e4n jo kansainv\u00e4list\u00e4 uraansa edist\u00e4v\u00e4t espoolainen p\u00f6yt\u00e4tenniksenpelaaja Aaro M\u00e4kel\u00e4 ja sulkapalloilija Venla Salo sek\u00e4 s\u00e4hk\u00f6py\u00f6r\u00e4tuolisalibandykaksikko, j\u00e4rvenp\u00e4\u00e4l\u00e4inen Kasper Vuorinen ja viime vuonna h\u00e4nen treenikaverikseen joukkoon nimitetty vaasalaisl\u00e4ht\u00f6inen Walter \u00d6rsterg\u00e5rd&#8221;, Paralympiakomitean tiedotteessa kerrotaan.<\/p>\n<p><a href=\"https:\/\/www.paralympia.fi\/uutinen\/10966-tulevaisuuden-taehdet-ryhmaeaen-18-nuorta-paraurheilijaa-vuodelle-2024\" target=\"_blank\" rel=\"noopener\"><strong>Lue koko tiedote t\u00e4\u00e4lt\u00e4.<\/strong><\/a><\/p>\n<p>&nbsp;<\/p>\n","protected":false},"excerpt":{"rendered":"<p>Suomen Paralympiakomitean koordinoimassa Tulevaisuuden t\u00e4hdet -ryhm\u00e4ss\u00e4 aloittaa t\u00e4n\u00e4 vuonna 5 uutta paraurheilun tulevaisuuden lupausta. Edellisen vuoden kokoonpanosta ryhm\u00e4ss\u00e4 jatkaa mukana 13 urheilijaa, joten ryhm\u00e4 k\u00e4ynnist\u00e4\u00e4 vuotensa yhteens\u00e4 18 urheilijan ja seitsem\u00e4n eri lajin voimin. &#8221;Tulevaisuuden t\u00e4hdet -ryhm\u00e4n vuoden 2024 kokoonpanossa ja sen monilajiryhm\u00e4ss\u00e4 jatkavat niin ik\u00e4\u00e4n jo kansainv\u00e4list\u00e4 uraansa edist\u00e4v\u00e4t espoolainen p\u00f6yt\u00e4tenniksenpelaaja Aaro M\u00e4kel\u00e4 ja &hellip; <a href=\"https:\/\/www.sptl.fi\/sptl_uudet\/?p=47726\" class=\"more-link\">Jatka lukemista <span class=\"screen-reader-text\">Aaro M\u00e4kel\u00e4 jatkaa Tulevaisuuden t\u00e4hdet -ryhm\u00e4ss\u00e4<\/span> <span class=\"meta-nav\">&rarr;<\/span><\/a><\/p>\n","protected":false},"author":282,"featured_media":0,"comment_status":"open","ping_status":"open","sticky":false,"template":"","format":"standard","meta":{"ngg_post_thumbnail":0,"footnotes":""},"categories":[14,19,18],"tags":[],"class_list":["post-47726","post","type-post","status-publish","format-standard","hentry","category-arvokilpailut-ja-valinnat","category-maajoukkue","category-vammaispingis"],"_links":{"self":[{"href":"https:\/\/www.sptl.fi\/sptl_uudet\/index.php?rest_route=\/wp\/v2\/posts\/47726","targetHints":{"allow":["GET"]}}],"collection":[{"href":"https:\/\/www.sptl.fi\/sptl_uudet\/index.php?rest_route=\/wp\/v2\/posts"}],"about":[{"href":"https:\/\/www.sptl.fi\/sptl_uudet\/index.php?rest_route=\/wp\/v2\/types\/post"}],"author":[{"embeddable":true,"href":"https:\/\/www.sptl.fi\/sptl_uudet\/index.php?rest_route=\/wp\/v2\/users\/282"}],"replies":[{"embeddable":true,"href":"https:\/\/www.sptl.fi\/sptl_uudet\/index.php?rest_route=%2Fwp%2Fv2%2Fcomments&post=47726"}],"version-history":[{"count":1,"href":"https:\/\/www.sptl.fi\/sptl_uudet\/index.php?rest_route=\/wp\/v2\/posts\/47726\/revisions"}],"predecessor-version":[{"id":47727,"href":"https:\/\/www.sptl.fi\/sptl_uudet\/index.php?rest_route=\/wp\/v2\/posts\/47726\/revisions\/47727"}],"wp:attachment":[{"href":"https:\/\/www.sptl.fi\/sptl_uudet\/index.php?rest_route=%2Fwp%2Fv2%2Fmedia&parent=47726"}],"wp:term":[{"taxonomy":"category","embeddable":true,"href":"https:\/\/www.sptl.fi\/sptl_uudet\/index.php?rest_route=%2Fwp%2Fv2%2Fcategories&post=47726"},{"taxonomy":"post_tag","embeddable":true,"href":"https:\/\/www.sptl.fi\/sptl_uudet\/index.php?rest_route=%2Fwp%2Fv2%2Ftags&post=47726"}],"curies":[{"name":"wp","href":"https:\/\/api.w.org\/{rel}","templated":true}]}}